{"id":150460,"date":"2025-07-06T11:43:41","date_gmt":"2025-07-06T14:43:41","guid":{"rendered":"https:\/\/vinasfm.com\/noticias\/?p=150460"},"modified":"2025-07-07T11:06:37","modified_gmt":"2025-07-07T14:06:37","slug":"cuantioso-robo-en-una-vivienda-ubicada-en-calle-4","status":"publish","type":"post","link":"https:\/\/vinasfm.com\/noticias\/cuantioso-robo-en-una-vivienda-ubicada-en-calle-4\/","title":{"rendered":"CUANTIOSO ROBO EN UNA VIVIENDA UBICADA EN CALLE 4"},"content":{"rendered":"<h4><span style=\"color: #003300;\"><strong>Una vivienda ubicada en la calle 4, entre Calle P\u00fablica y E, fue escenario de un robo el pasado s\u00e1bado en la tarde. La v\u00edctima, identificada como Marina P., de 34 a\u00f1os, denunci\u00f3 que delincuentes ingresaron a su propiedad tras violentar una de las puertas de acceso, logrando sustraer varios objetos de valor.<\/strong><\/span><\/h4>\n<p>Seg\u00fan el relato de Marina P., al regresar a su domicilio, el cual hab\u00eda dejado completamente cerrado horas antes, se encontr\u00f3 con la desagradable sorpresa. <strong>Los ladrones se llevaron dos televisores (uno marca Ken Brown de 32 pulgadas y otro de 24 pulgadas), un parlante original de color negro de gran tama\u00f1o, una m\u00e1quina de afeitar el\u00e9ctrica negra con l\u00edneas rojas, y una suma de dinero en efectivo. Tras cometer el il\u00edcito, los asaltantes se dieron a la fuga.<\/strong><\/p>\n<p>La Comisar\u00eda 14\u00b0 de General Alvear tiene a su cargo las actuaciones correspondientes. La Oficina Fiscal de General Alvear ha tomado intervenci\u00f3n en el caso y se encuentra investigando el hecho para dar con los responsables.<\/p>\n","protected":false},"excerpt":{"rendered":"<p>Una vivienda ubicada en la calle 4, entre Calle P\u00fablica y E, fue escenario de un robo el pasado s\u00e1bado en &#8230;<\/p>\n","protected":false},"author":7,"featured_media":149560,"comment_status":"open","ping_status":"open","sticky":false,"template":"","format":"standard","meta":{"footnotes":""},"categories":[201,4],"tags":[],"class_list":["post-150460","post","type-post","status-publish","format-standard","has-post-thumbnail","hentry","category-inseguridad","category-policiales"],"_links":{"self":[{"href":"https:\/\/vinasfm.com\/noticias\/wp-json\/wp\/v2\/posts\/150460","targetHints":{"allow":["GET"]}}],"collection":[{"href":"https:\/\/vinasfm.com\/noticias\/wp-json\/wp\/v2\/posts"}],"about":[{"href":"https:\/\/vinasfm.com\/noticias\/wp-json\/wp\/v2\/types\/post"}],"author":[{"embeddable":true,"href":"https:\/\/vinasfm.com\/noticias\/wp-json\/wp\/v2\/users\/7"}],"replies":[{"embeddable":true,"href":"https:\/\/vinasfm.com\/noticias\/wp-json\/wp\/v2\/comments?post=150460"}],"version-history":[{"count":2,"href":"https:\/\/vinasfm.com\/noticias\/wp-json\/wp\/v2\/posts\/150460\/revisions"}],"predecessor-version":[{"id":150509,"href":"https:\/\/vinasfm.com\/noticias\/wp-json\/wp\/v2\/posts\/150460\/revisions\/150509"}],"wp:featuredmedia":[{"embeddable":true,"href":"https:\/\/vinasfm.com\/noticias\/wp-json\/wp\/v2\/media\/149560"}],"wp:attachment":[{"href":"https:\/\/vinasfm.com\/noticias\/wp-json\/wp\/v2\/media?parent=150460"}],"wp:term":[{"taxonomy":"category","embeddable":true,"href":"https:\/\/vinasfm.com\/noticias\/wp-json\/wp\/v2\/categories?post=150460"},{"taxonomy":"post_tag","embeddable":true,"href":"https:\/\/vinasfm.com\/noticias\/wp-json\/wp\/v2\/tags?post=150460"}],"curies":[{"name":"wp","href":"https:\/\/api.w.org\/{rel}","templated":true}]}}