{"id":150453,"date":"2025-07-04T20:29:50","date_gmt":"2025-07-04T23:29:50","guid":{"rendered":"https:\/\/vinasfm.com\/noticias\/?p=150453"},"modified":"2025-07-05T11:33:36","modified_gmt":"2025-07-05T14:33:36","slug":"se-realiza-el-encuentro-de-mitad-de-temporada-del-programa-conectados-por-mendoza-futura","status":"publish","type":"post","link":"https:\/\/vinasfm.com\/noticias\/se-realiza-el-encuentro-de-mitad-de-temporada-del-programa-conectados-por-mendoza-futura\/","title":{"rendered":"SE REALIZA EL ENCUENTRO DE MITAD DE TEMPORADA DEL PROGRAMA CONECTADOS POR MENDOZA FUTURA"},"content":{"rendered":"<p><strong><span style=\"color: #003300;\">Este s\u00e1bado desde las 08:30 hs, el Honorable Concejo Deliberante local ser\u00e1 sede del encuentro de Mitad de Temporada del programa Conectados por Mendoza Futura, una iniciativa que busca promover el desarrollo de habilidades tecnol\u00f3gicas, pensamiento creativo y trabajo colaborativo en j\u00f3venes de toda la provincia.<\/span><\/strong><\/p>\n<p>La jornada reunir\u00e1 a estudiantes, docentes, referentes del programa, familias y autoridades, en un espacio de intercambio donde se presentar\u00e1n los avances del primer tramo del a\u00f1o y se fortalecer\u00e1n los v\u00ednculos entre los participantes de esta experiencia formativa.<\/p>\n<p><strong><span style=\"color: #003366;\">Mendoza Futura<\/span><\/strong> es un programa impulsado por el Gobierno de Mendoza con el objetivo de despertar vocaciones tecnol\u00f3gicas y fomentar el talento joven en el campo de la programaci\u00f3n, la ciencia de datos y la innovaci\u00f3n digital. <strong>En su edici\u00f3n 2025, Conectados suma una dimensi\u00f3n comunitaria, donde cada sede trabaja en proyectos con impacto territorial y social.<\/strong><\/p>\n<p>El evento de Mitad de Temporada no solo permitir\u00e1 mostrar los logros alcanzados hasta el momento, sino tambi\u00e9n renovar el compromiso de seguir construyendo una Mendoza m\u00e1s inclusiva, creativa y preparada para los desaf\u00edos del futuro.<\/p>\n","protected":false},"excerpt":{"rendered":"<p>Este s\u00e1bado desde las 08:30 hs, el Honorable Concejo Deliberante local ser\u00e1 sede del encuentro de Mitad de Temporada del programa &#8230;<\/p>\n","protected":false},"author":7,"featured_media":150454,"comment_status":"open","ping_status":"open","sticky":false,"template":"","format":"standard","meta":{"footnotes":""},"categories":[1],"tags":[],"class_list":["post-150453","post","type-post","status-publish","format-standard","has-post-thumbnail","hentry","category-fmvinas"],"_links":{"self":[{"href":"https:\/\/vinasfm.com\/noticias\/wp-json\/wp\/v2\/posts\/150453","targetHints":{"allow":["GET"]}}],"collection":[{"href":"https:\/\/vinasfm.com\/noticias\/wp-json\/wp\/v2\/posts"}],"about":[{"href":"https:\/\/vinasfm.com\/noticias\/wp-json\/wp\/v2\/types\/post"}],"author":[{"embeddable":true,"href":"https:\/\/vinasfm.com\/noticias\/wp-json\/wp\/v2\/users\/7"}],"replies":[{"embeddable":true,"href":"https:\/\/vinasfm.com\/noticias\/wp-json\/wp\/v2\/comments?post=150453"}],"version-history":[{"count":2,"href":"https:\/\/vinasfm.com\/noticias\/wp-json\/wp\/v2\/posts\/150453\/revisions"}],"predecessor-version":[{"id":150456,"href":"https:\/\/vinasfm.com\/noticias\/wp-json\/wp\/v2\/posts\/150453\/revisions\/150456"}],"wp:featuredmedia":[{"embeddable":true,"href":"https:\/\/vinasfm.com\/noticias\/wp-json\/wp\/v2\/media\/150454"}],"wp:attachment":[{"href":"https:\/\/vinasfm.com\/noticias\/wp-json\/wp\/v2\/media?parent=150453"}],"wp:term":[{"taxonomy":"category","embeddable":true,"href":"https:\/\/vinasfm.com\/noticias\/wp-json\/wp\/v2\/categories?post=150453"},{"taxonomy":"post_tag","embeddable":true,"href":"https:\/\/vinasfm.com\/noticias\/wp-json\/wp\/v2\/tags?post=150453"}],"curies":[{"name":"wp","href":"https:\/\/api.w.org\/{rel}","templated":true}]}}