{"id":150408,"date":"2025-07-03T22:25:32","date_gmt":"2025-07-04T01:25:32","guid":{"rendered":"https:\/\/vinasfm.com\/noticias\/?p=150408"},"modified":"2025-07-04T10:28:18","modified_gmt":"2025-07-04T13:28:18","slug":"un-automovil-se-incendio-en-la-via-publica","status":"publish","type":"post","link":"https:\/\/vinasfm.com\/noticias\/un-automovil-se-incendio-en-la-via-publica\/","title":{"rendered":"UN AUTOM\u00d3VIL SE INCENDI\u00d3 EN LA V\u00cdA P\u00daBLICA"},"content":{"rendered":"<p><strong><span style=\"color: #003300;\">El hecho ocurri\u00f3 en la noche del jueves, promediando las 21:00 horas, en la intersecci\u00f3n de Caseros y Pi\u00e9rola.<\/span><\/strong><\/p>\n<p>Gracias al r\u00e1pido accionar de personal de bomberos se pudo extinguir el fuego. En el autom\u00f3vil marca Chevrolet Corsa se trasladaba una mujer junto a una menor, quienes no resultaron heridas.<\/p>\n","protected":false},"excerpt":{"rendered":"<p>El hecho ocurri\u00f3 en la noche del jueves, promediando las 21:00 horas, en la intersecci\u00f3n de Caseros y Pi\u00e9rola. Gracias al &#8230;<\/p>\n","protected":false},"author":7,"featured_media":150409,"comment_status":"open","ping_status":"open","sticky":false,"template":"","format":"standard","meta":{"footnotes":""},"categories":[4],"tags":[],"class_list":["post-150408","post","type-post","status-publish","format-standard","has-post-thumbnail","hentry","category-policiales"],"_links":{"self":[{"href":"https:\/\/vinasfm.com\/noticias\/wp-json\/wp\/v2\/posts\/150408","targetHints":{"allow":["GET"]}}],"collection":[{"href":"https:\/\/vinasfm.com\/noticias\/wp-json\/wp\/v2\/posts"}],"about":[{"href":"https:\/\/vinasfm.com\/noticias\/wp-json\/wp\/v2\/types\/post"}],"author":[{"embeddable":true,"href":"https:\/\/vinasfm.com\/noticias\/wp-json\/wp\/v2\/users\/7"}],"replies":[{"embeddable":true,"href":"https:\/\/vinasfm.com\/noticias\/wp-json\/wp\/v2\/comments?post=150408"}],"version-history":[{"count":1,"href":"https:\/\/vinasfm.com\/noticias\/wp-json\/wp\/v2\/posts\/150408\/revisions"}],"predecessor-version":[{"id":150410,"href":"https:\/\/vinasfm.com\/noticias\/wp-json\/wp\/v2\/posts\/150408\/revisions\/150410"}],"wp:featuredmedia":[{"embeddable":true,"href":"https:\/\/vinasfm.com\/noticias\/wp-json\/wp\/v2\/media\/150409"}],"wp:attachment":[{"href":"https:\/\/vinasfm.com\/noticias\/wp-json\/wp\/v2\/media?parent=150408"}],"wp:term":[{"taxonomy":"category","embeddable":true,"href":"https:\/\/vinasfm.com\/noticias\/wp-json\/wp\/v2\/categories?post=150408"},{"taxonomy":"post_tag","embeddable":true,"href":"https:\/\/vinasfm.com\/noticias\/wp-json\/wp\/v2\/tags?post=150408"}],"curies":[{"name":"wp","href":"https:\/\/api.w.org\/{rel}","templated":true}]}}