{"id":150404,"date":"2025-07-04T10:24:27","date_gmt":"2025-07-04T13:24:27","guid":{"rendered":"https:\/\/vinasfm.com\/noticias\/?p=150404"},"modified":"2025-07-05T10:26:25","modified_gmt":"2025-07-05T13:26:25","slug":"volco-un-acoplado-cargado-con-maiz-en-real-del-padre","status":"publish","type":"post","link":"https:\/\/vinasfm.com\/noticias\/volco-un-acoplado-cargado-con-maiz-en-real-del-padre\/","title":{"rendered":"VOLC\u00d3 UN ACOPLADO CARGADO CON MA\u00cdZ EN REAL DEL PADRE"},"content":{"rendered":"<h4><strong>El siniestro ocurri\u00f3 en la ma\u00f1ana del viernes sobre Ruta 171. No hubo heridos, pero el acoplado result\u00f3 da\u00f1ado y parte de la carga qued\u00f3 esparcida.<\/strong><\/h4>\n<p>Este <strong>viernes, promediando las 07:50 horas<\/strong>, un <strong>acoplado volc\u00f3 sobre la Ruta 171<\/strong>, a unos <strong>20 kil\u00f3metros al sur de Monte Com\u00e1n<\/strong>, en jurisdicci\u00f3n de <strong>Real del Padre<\/strong>.<\/p>\n<p>El veh\u00edculo, conducido por <strong>J.A., de 30 a\u00f1os<\/strong>, se dirig\u00eda en sentido norte-sur cuando, <strong>por causas que a\u00fan se investigan<\/strong>, el conductor perdi\u00f3 el dominio del cami\u00f3n y el acoplado <strong>sali\u00f3 de la calzada, ingresando a la banquina oeste<\/strong>, donde termin\u00f3 <strong>volcado con las ruedas hacia arriba<\/strong> y parte de su estructura invadiendo la ruta.<a href=\"https:\/\/vinasfm.com\/noticias\/wp-content\/uploads\/2025\/07\/Imagen-de-WhatsApp-2025-07-04-a-las-10.18.37_add33a55-1.jpg\"><img loading=\"lazy\" decoding=\"async\" class=\"wp-image-150406 aligncenter\" src=\"https:\/\/vinasfm.com\/noticias\/wp-content\/uploads\/2025\/07\/Imagen-de-WhatsApp-2025-07-04-a-las-10.18.37_add33a55-1-1024x576.jpg\" alt=\"\" width=\"600\" height=\"338\" srcset=\"https:\/\/vinasfm.com\/noticias\/wp-content\/uploads\/2025\/07\/Imagen-de-WhatsApp-2025-07-04-a-las-10.18.37_add33a55-1-1024x576.jpg 1024w, https:\/\/vinasfm.com\/noticias\/wp-content\/uploads\/2025\/07\/Imagen-de-WhatsApp-2025-07-04-a-las-10.18.37_add33a55-1-300x169.jpg 300w, https:\/\/vinasfm.com\/noticias\/wp-content\/uploads\/2025\/07\/Imagen-de-WhatsApp-2025-07-04-a-las-10.18.37_add33a55-1-768x432.jpg 768w, https:\/\/vinasfm.com\/noticias\/wp-content\/uploads\/2025\/07\/Imagen-de-WhatsApp-2025-07-04-a-las-10.18.37_add33a55-1-1536x864.jpg 1536w, https:\/\/vinasfm.com\/noticias\/wp-content\/uploads\/2025\/07\/Imagen-de-WhatsApp-2025-07-04-a-las-10.18.37_add33a55-1-1140x641.jpg 1140w, https:\/\/vinasfm.com\/noticias\/wp-content\/uploads\/2025\/07\/Imagen-de-WhatsApp-2025-07-04-a-las-10.18.37_add33a55-1.jpg 1600w\" sizes=\"auto, (max-width: 600px) 100vw, 600px\" \/><\/a><\/p>\n<p>Afortunadamente, el chofer <strong>no sufri\u00f3 lesiones<\/strong>. En tanto, el <strong>acoplado sufri\u00f3 importantes da\u00f1os<\/strong>: roturas, desprendimiento de barandas y compuerta. La <strong>carga de ma\u00edz que transportaba se dispers\u00f3<\/strong> parcialmente en el lugar.<\/p>\n<p>El tr\u00e1nsito en la zona se mantuvo parcialmente restringido durante las primeras horas de la ma\u00f1ana mientras se realizaban las tareas de despeje y peritaje. Las autoridades trabajan para establecer las <strong>causas del accidente<\/strong>, aunque no se descartan factores clim\u00e1ticos o del estado de la ruta.<\/p>\n","protected":false},"excerpt":{"rendered":"<p>El siniestro ocurri\u00f3 en la ma\u00f1ana del viernes sobre Ruta 171. No hubo heridos, pero el acoplado result\u00f3 da\u00f1ado y parte &#8230;<\/p>\n","protected":false},"author":7,"featured_media":150405,"comment_status":"open","ping_status":"open","sticky":false,"template":"","format":"standard","meta":{"footnotes":""},"categories":[4,184],"tags":[],"class_list":["post-150404","post","type-post","status-publish","format-standard","has-post-thumbnail","hentry","category-policiales","category-siniestro-vial"],"_links":{"self":[{"href":"https:\/\/vinasfm.com\/noticias\/wp-json\/wp\/v2\/posts\/150404","targetHints":{"allow":["GET"]}}],"collection":[{"href":"https:\/\/vinasfm.com\/noticias\/wp-json\/wp\/v2\/posts"}],"about":[{"href":"https:\/\/vinasfm.com\/noticias\/wp-json\/wp\/v2\/types\/post"}],"author":[{"embeddable":true,"href":"https:\/\/vinasfm.com\/noticias\/wp-json\/wp\/v2\/users\/7"}],"replies":[{"embeddable":true,"href":"https:\/\/vinasfm.com\/noticias\/wp-json\/wp\/v2\/comments?post=150404"}],"version-history":[{"count":1,"href":"https:\/\/vinasfm.com\/noticias\/wp-json\/wp\/v2\/posts\/150404\/revisions"}],"predecessor-version":[{"id":150407,"href":"https:\/\/vinasfm.com\/noticias\/wp-json\/wp\/v2\/posts\/150404\/revisions\/150407"}],"wp:featuredmedia":[{"embeddable":true,"href":"https:\/\/vinasfm.com\/noticias\/wp-json\/wp\/v2\/media\/150405"}],"wp:attachment":[{"href":"https:\/\/vinasfm.com\/noticias\/wp-json\/wp\/v2\/media?parent=150404"}],"wp:term":[{"taxonomy":"category","embeddable":true,"href":"https:\/\/vinasfm.com\/noticias\/wp-json\/wp\/v2\/categories?post=150404"},{"taxonomy":"post_tag","embeddable":true,"href":"https:\/\/vinasfm.com\/noticias\/wp-json\/wp\/v2\/tags?post=150404"}],"curies":[{"name":"wp","href":"https:\/\/api.w.org\/{rel}","templated":true}]}}