{"id":150387,"date":"2025-07-04T08:17:23","date_gmt":"2025-07-04T11:17:23","guid":{"rendered":"https:\/\/vinasfm.com\/noticias\/?p=150387"},"modified":"2025-07-04T10:45:52","modified_gmt":"2025-07-04T13:45:52","slug":"quedo-restablecido-el-servicio-de-gnc-en-toda-la-provincia","status":"publish","type":"post","link":"https:\/\/vinasfm.com\/noticias\/quedo-restablecido-el-servicio-de-gnc-en-toda-la-provincia\/","title":{"rendered":"QUED\u00d3 RESTABLECIDO EL SERVICIO DE GNC EN TODA LA PROVINCIA"},"content":{"rendered":"<h4><strong><span style=\"color: #003300;\">Lo hab\u00edan confirmado desde la Asociaci\u00f3n Mendocina de Expendedores de Nafta y Afines. El levantamiento de la restricci\u00f3n rige para toda la regi\u00f3n de Cuyo, desde las 23 de este jueves.<\/span><\/strong><\/h4>\n<p>A pesar de que se anunci\u00f3 la interrupci\u00f3n en el servicio de carga de\u00a0GNC\u00a0hasta ma\u00f1ana al mediod\u00eda,\u00a0<strong>en la noche de este jueves se confirm\u00f3 que finalmente se restablecer\u00eda la carga de\u00a0Gas\u00a0Natural Comprimido a los veh\u00edculos a partir de las 23 en toda la provincia de\u00a0Mendoza. Y as\u00ed fue, con un panorama de largas filas en las estaciones de servicio.<\/strong><\/p>\n<article class=\"article-body article-body--second-paragraph\">Lo hab\u00eda confirmado Domingo Franchetti, vicepresidente de la\u00a0<strong>Asociaci\u00f3n Mendocina de Expendedores de Nafta y Afines (Amena).<\/strong>\u00a0Desde el organismo informaron a trav\u00e9s de un comunicado que \u00abse pone en conocimiento de la comunidad que a partir de las 23 hrs. del d\u00eda de hoy se levanta la restricci\u00f3n de venta de GNC\u00bb<\/article>\n<article class=\"article-body article-body--third-paragraph\">Tambi\u00e9n desde Amena aclararon que<strong>\u00a0la medida rige para estaciones con contrato firme<\/strong>, seg\u00fan lo informado por la distribuidora\u00a0ECOGAS\u00a0a la c\u00e1mara.<\/article>\n<article class=\"article-body article-body--fourth-paragraph\">La interrupci\u00f3n del servicio lo hab\u00eda dispuesto el\u00a0<strong>Ente Nacional Regulador del Gas (ENARGAS)\u00a0<\/strong>y la distribuidora\u00a0<strong>ECOGAS\u00a0<\/strong>en el contexto de la\u00a0<strong>ola de fr\u00edo\u00a0polar\u00a0<\/strong>y\u00a0<strong>un consumo r\u00e9cord en casi todo el pa\u00eds.<\/strong>\u00a0Por esta raz\u00f3n el Gobierno nacional ampli\u00f3 los<strong>\u00a0cortes de suministro de\u00a0gas\u00a0a estaciones de servicio de GNC e industrias en casi todo el pa\u00eds.<\/strong><\/p>\n<article class=\"article-body article-body--fifth-paragraph\">La medida, que originalmente se iba a extender hasta este viernes al mediod\u00eda, incluy\u00f3 tambi\u00e9n<strong>\u00a0la interrupci\u00f3n de exportaciones de gas a Chile.\u00a0<\/strong>Fue adoptada por el Comit\u00e9 Ejecutivo de Emergencia, que integran la Secretar\u00eda de Energ\u00eda, Enargas, Cammesa y las principales distribuidoras y transportistas del sistema, como<strong>\u00a0Ecogas en Mendoza.<\/strong><\/article>\n<article class=\"article-body article-body--third-paragraph\">El objetivo es garantizar el\u00a0<strong>abastecimiento residencial<\/strong>, que en los \u00faltimos d\u00edas alcanz\u00f3 niveles r\u00e9cord.Seg\u00fan datos oficiales, la demanda prioritaria \u2013conformada por casi 9 millones de hogares conectados a la red\u2013<strong>\u00a0lleg\u00f3 a consumir hasta 100 millones de metros c\u00fabicos diarios,<\/strong>\u00a0<strong>muy por encima del promedio invernal habitual (85 a 90 millones)\u00a0<\/strong>y casi 20% m\u00e1s que en la misma semana de 2024.<\/p>\n<p>La resoluci\u00f3n establece\u00a0<strong>cortes totales\u00a0<\/strong>para usuarios industriales y estaciones de GNC\u00a0abastecidos por la mayor\u00eda de las distribuidoras del pa\u00eds: <em>Camuzzi Gas del Sur, Distribuidora de Gas del Centro, Distribuidora de Gas Cuyana, Litoral Gas, Naturgy NOA y Gas NEA.<\/em><\/p>\n<\/article>\n<\/article>\n","protected":false},"excerpt":{"rendered":"<p>Lo hab\u00edan confirmado desde la Asociaci\u00f3n Mendocina de Expendedores de Nafta y Afines. El levantamiento de la restricci\u00f3n rige para toda &#8230;<\/p>\n","protected":false},"author":7,"featured_media":150372,"comment_status":"open","ping_status":"open","sticky":false,"template":"","format":"standard","meta":{"footnotes":""},"categories":[5,10],"tags":[],"class_list":["post-150387","post","type-post","status-publish","format-standard","has-post-thumbnail","hentry","category-actualidad","category-destacadas"],"_links":{"self":[{"href":"https:\/\/vinasfm.com\/noticias\/wp-json\/wp\/v2\/posts\/150387","targetHints":{"allow":["GET"]}}],"collection":[{"href":"https:\/\/vinasfm.com\/noticias\/wp-json\/wp\/v2\/posts"}],"about":[{"href":"https:\/\/vinasfm.com\/noticias\/wp-json\/wp\/v2\/types\/post"}],"author":[{"embeddable":true,"href":"https:\/\/vinasfm.com\/noticias\/wp-json\/wp\/v2\/users\/7"}],"replies":[{"embeddable":true,"href":"https:\/\/vinasfm.com\/noticias\/wp-json\/wp\/v2\/comments?post=150387"}],"version-history":[{"count":2,"href":"https:\/\/vinasfm.com\/noticias\/wp-json\/wp\/v2\/posts\/150387\/revisions"}],"predecessor-version":[{"id":150413,"href":"https:\/\/vinasfm.com\/noticias\/wp-json\/wp\/v2\/posts\/150387\/revisions\/150413"}],"wp:featuredmedia":[{"embeddable":true,"href":"https:\/\/vinasfm.com\/noticias\/wp-json\/wp\/v2\/media\/150372"}],"wp:attachment":[{"href":"https:\/\/vinasfm.com\/noticias\/wp-json\/wp\/v2\/media?parent=150387"}],"wp:term":[{"taxonomy":"category","embeddable":true,"href":"https:\/\/vinasfm.com\/noticias\/wp-json\/wp\/v2\/categories?post=150387"},{"taxonomy":"post_tag","embeddable":true,"href":"https:\/\/vinasfm.com\/noticias\/wp-json\/wp\/v2\/tags?post=150387"}],"curies":[{"name":"wp","href":"https:\/\/api.w.org\/{rel}","templated":true}]}}