{"id":150368,"date":"2025-07-03T11:05:00","date_gmt":"2025-07-03T14:05:00","guid":{"rendered":"https:\/\/vinasfm.com\/noticias\/?p=150368"},"modified":"2025-07-04T09:57:10","modified_gmt":"2025-07-04T12:57:10","slug":"comenzo-la-inscripcion-para-una-nueva-entrega-de-forestales-en-general-alvear","status":"publish","type":"post","link":"https:\/\/vinasfm.com\/noticias\/comenzo-la-inscripcion-para-una-nueva-entrega-de-forestales-en-general-alvear\/","title":{"rendered":"COMENZ\u00d3 LA INSCRIPCI\u00d3N PARA UNA NUEVA ENTREGA DE FORESTALES EN GENERAL ALVEAR"},"content":{"rendered":"<p><strong><span style=\"color: #003300;\">El asesor de Gesti\u00f3n Ambiental, Denis Rabanal, anunci\u00f3 el inicio de la inscripci\u00f3n para una nueva entrega de forestales, destinada tanto a arbolado p\u00fablico como a cortinas forestales para el sector productivo del departamento.<\/span><\/strong><\/p>\n<p>Las <strong>inscripciones estar\u00e1n abiertas hasta el 31 el julio<\/strong>, mientras que las entregas se realizar\u00e1n a partir del <strong>15 de agosto<\/strong> en distintos puntos del departamento.<em><strong> \u201cEste a\u00f1o repetimos la modalidad que implementamos el a\u00f1o pasado, llevando los forestales a los distritos, lo que nos permiti\u00f3 un incremento notable en la participaci\u00f3n de vecinos\u201d<\/strong><\/em>, explic\u00f3 Rabanal.<\/p>\n<p>El cronograma de entrega ser\u00e1 el siguiente:<\/p>\n<ul>\n<li><strong>15 de agosto<\/strong> en el <strong>Vivero de Recursos Naturales<\/strong><\/li>\n<li><strong>20 de agosto<\/strong> en <strong>Carmensa<\/strong><\/li>\n<li><strong>22 de agosto<\/strong> en <strong>Bowen<\/strong><\/li>\n<\/ul>\n<p>El programa tiene como objetivo principal fortalecer el <strong>arbolado p\u00fablico<\/strong>, aunque tambi\u00e9n se contemplan entregas para propiedades rurales que necesiten <strong>cortinas forestales<\/strong>. Rabanal destac\u00f3 la necesidad de revertir una tendencia preocupante:<em><strong> \u201cHay mucha erradicaci\u00f3n de \u00e1rboles que no son reemplazados, o las nuevas plantas no reciben el cuidado necesario y terminan sec\u00e1ndose\u201d.<\/strong><\/em><\/p>\n<p>Asimismo, hizo un llamado a la comunidad para comprometerse con el mantenimiento de los forestales, especialmente en zonas urbanas. <em><strong>\u201cTuvimos casos en donde plantamos m\u00e1s de 40 pl\u00e1tanos en el centro y el 70% se sec\u00f3. Necesitamos que los vecinos colaboren con el riego y el cuidado diario\u201d.<\/strong><\/em><\/p>\n<p>Desde el municipio se remarc\u00f3 que este esfuerzo conjunto busca mejorar la calidad ambiental, embellecer los espacios p\u00fablicos y fortalecer las barreras naturales contra el viento y la erosi\u00f3n en zonas rurales.<\/p>\n","protected":false},"excerpt":{"rendered":"<p>El asesor de Gesti\u00f3n Ambiental, Denis Rabanal, anunci\u00f3 el inicio de la inscripci\u00f3n para una nueva entrega de forestales, destinada tanto &#8230;<\/p>\n","protected":false},"author":7,"featured_media":150369,"comment_status":"open","ping_status":"open","sticky":false,"template":"","format":"standard","meta":{"footnotes":""},"categories":[5,10],"tags":[],"class_list":["post-150368","post","type-post","status-publish","format-standard","has-post-thumbnail","hentry","category-actualidad","category-destacadas"],"_links":{"self":[{"href":"https:\/\/vinasfm.com\/noticias\/wp-json\/wp\/v2\/posts\/150368","targetHints":{"allow":["GET"]}}],"collection":[{"href":"https:\/\/vinasfm.com\/noticias\/wp-json\/wp\/v2\/posts"}],"about":[{"href":"https:\/\/vinasfm.com\/noticias\/wp-json\/wp\/v2\/types\/post"}],"author":[{"embeddable":true,"href":"https:\/\/vinasfm.com\/noticias\/wp-json\/wp\/v2\/users\/7"}],"replies":[{"embeddable":true,"href":"https:\/\/vinasfm.com\/noticias\/wp-json\/wp\/v2\/comments?post=150368"}],"version-history":[{"count":1,"href":"https:\/\/vinasfm.com\/noticias\/wp-json\/wp\/v2\/posts\/150368\/revisions"}],"predecessor-version":[{"id":150370,"href":"https:\/\/vinasfm.com\/noticias\/wp-json\/wp\/v2\/posts\/150368\/revisions\/150370"}],"wp:featuredmedia":[{"embeddable":true,"href":"https:\/\/vinasfm.com\/noticias\/wp-json\/wp\/v2\/media\/150369"}],"wp:attachment":[{"href":"https:\/\/vinasfm.com\/noticias\/wp-json\/wp\/v2\/media?parent=150368"}],"wp:term":[{"taxonomy":"category","embeddable":true,"href":"https:\/\/vinasfm.com\/noticias\/wp-json\/wp\/v2\/categories?post=150368"},{"taxonomy":"post_tag","embeddable":true,"href":"https:\/\/vinasfm.com\/noticias\/wp-json\/wp\/v2\/tags?post=150368"}],"curies":[{"name":"wp","href":"https:\/\/api.w.org\/{rel}","templated":true}]}}