{"id":150334,"date":"2025-07-02T12:20:04","date_gmt":"2025-07-02T15:20:04","guid":{"rendered":"https:\/\/vinasfm.com\/noticias\/?p=150334"},"modified":"2025-07-04T09:15:09","modified_gmt":"2025-07-04T12:15:09","slug":"santiago-del-rio-asumio-como-nuevo-subdelegado-de-aguas-del-rio-atuel","status":"publish","type":"post","link":"https:\/\/vinasfm.com\/noticias\/santiago-del-rio-asumio-como-nuevo-subdelegado-de-aguas-del-rio-atuel\/","title":{"rendered":"SANTIAGO DEL R\u00cdO ASUMI\u00d3 COMO NUEVO SUBDELEGADO DE AGUAS DEL R\u00cdO ATUEL"},"content":{"rendered":"<h4><span style=\"color: #003300;\"><strong><em>El acto se realiz\u00f3 en la sede local del Departamento General de Irrigaci\u00f3n, con la presencia del intendente Alejandro Molero y del Superintendente General de Irrigaci\u00f3n, Sergio Marinelli.\u00a0<\/em><\/strong><\/span><\/h4>\n<p>En un acto cargado de significancia para la producci\u00f3n local, este martes se llev\u00f3 a cabo la <strong>asunci\u00f3n oficial de <span style=\"color: #003366;\">Santiago del R\u00edo<\/span><\/strong> como nuevo <em>Subdelegado de Aguas del R\u00edo Atuel<\/em>, en las instalaciones de la subdelegaci\u00f3n en General Alvear. El acto cont\u00f3 con la presencia del<span style=\"color: #003366;\"> Intendente Alejandro Molero<\/span> y del <em>Superintendente General de Irrigaci\u00f3n,<\/em><span style=\"color: #003366;\"> Sergio Marinelli<\/span>, quienes destacaron la importancia de esta nueva etapa en la gesti\u00f3n del recurso h\u00eddrico en la regi\u00f3n.<\/p>\n<p><strong><em>\u201cEs un momento importante para todo el sistema productivo del sur mendocino. Nos alegra que un joven profesional comprometido con el sector se sume a este desaf\u00edo\u201d<\/em><\/strong>, expres\u00f3 <span style=\"color: #003366;\"><strong>Molero<\/strong><\/span>, celebrando tambi\u00e9n la presencia de Marinelli en el departamento y el acompa\u00f1amiento constante de Irrigaci\u00f3n al desarrollo local.<\/p>\n<p>Por su parte, <span style=\"color: #003366;\"><strong>Sergio Marinelli<\/strong><\/span> valor\u00f3 el trabajo que se viene haciendo en la modernizaci\u00f3n del sistema de riego y remarc\u00f3 que <em><strong>\u201cel cambio en la distribuci\u00f3n del agua requiere coraje y compromiso, especialmente por parte de los inspectores de cauce\u201d<\/strong><\/em>. Asimismo, anunci\u00f3 la <strong>firma de un acuerdo con las inspecciones para el manejo aut\u00f3nomo de recursos<\/strong>, compra de maquinaria, y destac\u00f3 proyectos de obras clave como el <strong>Canal Perrone <\/strong>y otros trabajos que est\u00e1n <a href=\"https:\/\/www.irrigacion.gov.ar\/web\/2025\/06\/26\/seis-ofertas-compiten-por-una-obra-clave-para-el-riego-en-el-sur-provincial\/\">pr\u00f3ximos a adjudicarse<\/a>. <em><strong>\u201cCon la correcta aplicaci\u00f3n de tecnolog\u00eda y pol\u00edticas h\u00eddricas, el Atuel ha pasado de ser un r\u00edo con conflictos a ser uno de los mejores distribuyendo agua\u201d<\/strong><\/em>, subray\u00f3.<\/p>\n<p><a href=\"https:\/\/vinasfm.com\/noticias\/wp-content\/uploads\/2025\/07\/IMG-20250702-WA0071.jpg\"><img loading=\"lazy\" decoding=\"async\" class=\"wp-image-150339 aligncenter\" src=\"https:\/\/vinasfm.com\/noticias\/wp-content\/uploads\/2025\/07\/IMG-20250702-WA0071-1024x577.jpg\" alt=\"\" width=\"600\" height=\"338\" srcset=\"https:\/\/vinasfm.com\/noticias\/wp-content\/uploads\/2025\/07\/IMG-20250702-WA0071-1024x577.jpg 1024w, https:\/\/vinasfm.com\/noticias\/wp-content\/uploads\/2025\/07\/IMG-20250702-WA0071-300x169.jpg 300w, https:\/\/vinasfm.com\/noticias\/wp-content\/uploads\/2025\/07\/IMG-20250702-WA0071-768x432.jpg 768w, https:\/\/vinasfm.com\/noticias\/wp-content\/uploads\/2025\/07\/IMG-20250702-WA0071-1140x641.jpg 1140w, https:\/\/vinasfm.com\/noticias\/wp-content\/uploads\/2025\/07\/IMG-20250702-WA0071.jpg 1156w\" sizes=\"auto, (max-width: 600px) 100vw, 600px\" \/><\/a><\/p>\n<p>En tanto, <span style=\"color: #003366;\"><strong>Santiago del R\u00edo<\/strong><\/span>, flamante subdelegado, asegur\u00f3 que continuar\u00e1 el proceso de transformaci\u00f3n iniciado en los \u00faltimos a\u00f1os. <em><strong>\u201cEl cambio cultural lleva tiempo, pero ya hemos avanzado mucho. La gente est\u00e1 entendiendo la importancia de hacer un uso eficiente del agua\u201d<\/strong><\/em>, explic\u00f3. Del R\u00edo, adem\u00e1s de su nuevo rol, <strong>seguir\u00e1 al frente de la distribuci\u00f3n<\/strong>, buscando mantener flexibilidad y adaptabilidad en la entrega del recurso, especialmente en escenarios de escasez.<\/p>\n<p>El acto no solo marc\u00f3 un recambio institucional, sino que reafirm\u00f3 el <strong>compromiso del sistema h\u00eddrico con la eficiencia, la innovaci\u00f3n tecnol\u00f3gica y la articulaci\u00f3n con los productores locales<\/strong>. En un departamento como General Alvear, donde la <strong>producci\u00f3n primaria es pilar econ\u00f3mico<\/strong>, garantizar el uso racional y equitativo del agua es una prioridad estrat\u00e9gica.<\/p>\n<p>Finalmente, Marinelli cerr\u00f3 con una menci\u00f3n pol\u00edtica sobre cuestionamientos recientes: <em><strong>\u201cEste proceso de reordenamiento que comenzamos en 2017 es impecable en lo t\u00e9cnico y en lo jur\u00eddico. Lejos de parecerse a gestiones pasadas, es todo lo contrario: es orden, es transparencia y es eficiencia\u201d.<\/strong><\/em><\/p>\n","protected":false},"excerpt":{"rendered":"<p>El acto se realiz\u00f3 en la sede local del Departamento General de Irrigaci\u00f3n, con la presencia del intendente Alejandro Molero y &#8230;<\/p>\n","protected":false},"author":7,"featured_media":150340,"comment_status":"open","ping_status":"open","sticky":false,"template":"","format":"standard","meta":{"footnotes":""},"categories":[10,37],"tags":[],"class_list":["post-150334","post","type-post","status-publish","format-standard","has-post-thumbnail","hentry","category-destacadas","category-irrigacion"],"_links":{"self":[{"href":"https:\/\/vinasfm.com\/noticias\/wp-json\/wp\/v2\/posts\/150334","targetHints":{"allow":["GET"]}}],"collection":[{"href":"https:\/\/vinasfm.com\/noticias\/wp-json\/wp\/v2\/posts"}],"about":[{"href":"https:\/\/vinasfm.com\/noticias\/wp-json\/wp\/v2\/types\/post"}],"author":[{"embeddable":true,"href":"https:\/\/vinasfm.com\/noticias\/wp-json\/wp\/v2\/users\/7"}],"replies":[{"embeddable":true,"href":"https:\/\/vinasfm.com\/noticias\/wp-json\/wp\/v2\/comments?post=150334"}],"version-history":[{"count":3,"href":"https:\/\/vinasfm.com\/noticias\/wp-json\/wp\/v2\/posts\/150334\/revisions"}],"predecessor-version":[{"id":150342,"href":"https:\/\/vinasfm.com\/noticias\/wp-json\/wp\/v2\/posts\/150334\/revisions\/150342"}],"wp:featuredmedia":[{"embeddable":true,"href":"https:\/\/vinasfm.com\/noticias\/wp-json\/wp\/v2\/media\/150340"}],"wp:attachment":[{"href":"https:\/\/vinasfm.com\/noticias\/wp-json\/wp\/v2\/media?parent=150334"}],"wp:term":[{"taxonomy":"category","embeddable":true,"href":"https:\/\/vinasfm.com\/noticias\/wp-json\/wp\/v2\/categories?post=150334"},{"taxonomy":"post_tag","embeddable":true,"href":"https:\/\/vinasfm.com\/noticias\/wp-json\/wp\/v2\/tags?post=150334"}],"curies":[{"name":"wp","href":"https:\/\/api.w.org\/{rel}","templated":true}]}}