{"id":150304,"date":"2025-07-02T09:29:21","date_gmt":"2025-07-02T12:29:21","guid":{"rendered":"https:\/\/vinasfm.com\/noticias\/?p=150304"},"modified":"2025-07-03T09:10:25","modified_gmt":"2025-07-03T12:10:25","slug":"la-escuela-de-agricultura-presento-la-60-edicion-de-sus-olimpiadas-en-el-concejo-deliberante","status":"publish","type":"post","link":"https:\/\/vinasfm.com\/noticias\/la-escuela-de-agricultura-presento-la-60-edicion-de-sus-olimpiadas-en-el-concejo-deliberante\/","title":{"rendered":"LA ESCUELA DE AGRICULTURA PRESENT\u00d3 LA 60\u00b0 EDICI\u00d3N DE SUS OLIMPIADAS EN EL HDC Y EL MUNICIPIO"},"content":{"rendered":"<h4><strong><span style=\"color: #003300;\">A poco m\u00e1s de 40 d\u00edas del evento, los alumnos de 5\u00b0 a\u00f1o compartieron sus expectativas y sue\u00f1os en un emotivo encuentro con los ediles.<\/span><\/strong><\/h4>\n<p>Con el lema <em><strong>\u201cDonde la Pasi\u00f3n hace Historia\u201d<\/strong><\/em>, los estudiantes de <strong>quinto a\u00f1o de la Escuela de Agricultura<\/strong> realizaron la presentaci\u00f3n oficial de la <strong>60\u00b0 edici\u00f3n de las Olimpiadas<\/strong> en el Honorable Concejo Deliberante y en la oficina del Intendente. Acompa\u00f1ados por la coordinadora <strong>Claudia Oller<\/strong>, los j\u00f3venes dieron a conocer los detalles de esta hist\u00f3rica edici\u00f3n, marcada por el entusiasmo, la tradici\u00f3n y un fuerte compromiso con los valores del deporte y la amistad.<\/p>\n<p>Durante el encuentro, los alumnos organizadores<strong> compartieron con los concejales su trabajo, expectativas y emociones rumbo a una de las actividades m\u00e1s esperadas del calendario educativo y social del departamento.<\/strong> <strong>A poco m\u00e1s de 40 d\u00edas del inicio<\/strong>, se empieza a palpitar una nueva competencia que, m\u00e1s all\u00e1 de lo deportivo, simboliza el esp\u00edritu de unidad, esfuerzo y pertenencia de toda la comunidad educativa.<\/p>\n<p><a href=\"https:\/\/vinasfm.com\/noticias\/wp-content\/uploads\/2025\/07\/Imagen-de-WhatsApp-2025-07-02-a-las-09.28.21_1b81b794.jpg\"><img loading=\"lazy\" decoding=\"async\" class=\"wp-image-150306 aligncenter\" src=\"https:\/\/vinasfm.com\/noticias\/wp-content\/uploads\/2025\/07\/Imagen-de-WhatsApp-2025-07-02-a-las-09.28.21_1b81b794-1024x312.jpg\" alt=\"\" width=\"1030\" height=\"314\" srcset=\"https:\/\/vinasfm.com\/noticias\/wp-content\/uploads\/2025\/07\/Imagen-de-WhatsApp-2025-07-02-a-las-09.28.21_1b81b794-1024x312.jpg 1024w, https:\/\/vinasfm.com\/noticias\/wp-content\/uploads\/2025\/07\/Imagen-de-WhatsApp-2025-07-02-a-las-09.28.21_1b81b794-300x92.jpg 300w, https:\/\/vinasfm.com\/noticias\/wp-content\/uploads\/2025\/07\/Imagen-de-WhatsApp-2025-07-02-a-las-09.28.21_1b81b794-768x234.jpg 768w, https:\/\/vinasfm.com\/noticias\/wp-content\/uploads\/2025\/07\/Imagen-de-WhatsApp-2025-07-02-a-las-09.28.21_1b81b794.jpg 1219w\" sizes=\"auto, (max-width: 1030px) 100vw, 1030px\" \/><\/a><\/p>\n<p>El Concejo Deliberante ratific\u00f3 su acompa\u00f1amiento a esta iniciativa que <strong>conjuga deporte, compa\u00f1erismo, historia e innovaci\u00f3n<\/strong>, con la disputa de la <strong>Copa de la Amistad y la Copa Challenger<\/strong> como protagonistas centrales. Adem\u00e1s, se destac\u00f3 el enfoque sustentable de esta edici\u00f3n, enmarcado en las <strong>EcoOlimp\u00edadas<\/strong>, una propuesta que busca minimizar el impacto ambiental y educar en pr\u00e1cticas responsables. M\u00e1s informaci\u00f3n sobre esta iniciativa est\u00e1 disponible en <a href=\"https:\/\/olimpiadasea.net.ar\/sostenibles\/\">olimpiadasea.net.ar\/sostenibles<\/a>.<\/p>\n<p>Las <a href=\"https:\/\/olimpiadasea.net.ar\/\"><span style=\"color: #ff0000;\">Olimpiadas de la Escuela de Agricultura<\/span><\/a> tienen una <strong>rica trayectoria de seis d\u00e9cadas<\/strong>, y sus comienzos pueden explorarse en <a href=\"https:\/\/olimpiadasea.net.ar\/comienzo-de-las-olimpiadas\/\">olimpiadasea.net.ar\/comienzo-de-las-olimpiadas<\/a>, donde se recoge el esp\u00edritu con el que generaciones enteras han forjado esta tradici\u00f3n.<\/p>\n<p>La cuenta regresiva ya est\u00e1 en marcha. General Alvear se prepara para vivir, una vez m\u00e1s, <strong>la fiesta del deporte, la juventud y los valores que trascienden el aula y se convierten en historia viva<\/strong>.<\/p>\n<p><a href=\"https:\/\/vinasfm.com\/noticias\/wp-content\/uploads\/2025\/07\/Imagen-de-WhatsApp-2025-07-02-a-las-09.42.09_1cbfb1b8.jpg\"><img loading=\"lazy\" decoding=\"async\" class=\"wp-image-150310 aligncenter\" src=\"https:\/\/vinasfm.com\/noticias\/wp-content\/uploads\/2025\/07\/Imagen-de-WhatsApp-2025-07-02-a-las-09.42.09_1cbfb1b8.jpg\" alt=\"\" width=\"600\" height=\"400\" srcset=\"https:\/\/vinasfm.com\/noticias\/wp-content\/uploads\/2025\/07\/Imagen-de-WhatsApp-2025-07-02-a-las-09.42.09_1cbfb1b8.jpg 1600w, https:\/\/vinasfm.com\/noticias\/wp-content\/uploads\/2025\/07\/Imagen-de-WhatsApp-2025-07-02-a-las-09.42.09_1cbfb1b8-300x200.jpg 300w, https:\/\/vinasfm.com\/noticias\/wp-content\/uploads\/2025\/07\/Imagen-de-WhatsApp-2025-07-02-a-las-09.42.09_1cbfb1b8-1024x682.jpg 1024w, https:\/\/vinasfm.com\/noticias\/wp-content\/uploads\/2025\/07\/Imagen-de-WhatsApp-2025-07-02-a-las-09.42.09_1cbfb1b8-768x512.jpg 768w, https:\/\/vinasfm.com\/noticias\/wp-content\/uploads\/2025\/07\/Imagen-de-WhatsApp-2025-07-02-a-las-09.42.09_1cbfb1b8-1536x1023.jpg 1536w\" sizes=\"auto, (max-width: 600px) 100vw, 600px\" \/><\/a><\/p>\n","protected":false},"excerpt":{"rendered":"<p>A poco m\u00e1s de 40 d\u00edas del evento, los alumnos de 5\u00b0 a\u00f1o compartieron sus expectativas y sue\u00f1os en un emotivo &#8230;<\/p>\n","protected":false},"author":7,"featured_media":150305,"comment_status":"open","ping_status":"open","sticky":false,"template":"","format":"standard","meta":{"footnotes":""},"categories":[3,223],"tags":[],"class_list":["post-150304","post","type-post","status-publish","format-standard","has-post-thumbnail","hentry","category-deportes","category-escuela-de-agricultura"],"_links":{"self":[{"href":"https:\/\/vinasfm.com\/noticias\/wp-json\/wp\/v2\/posts\/150304","targetHints":{"allow":["GET"]}}],"collection":[{"href":"https:\/\/vinasfm.com\/noticias\/wp-json\/wp\/v2\/posts"}],"about":[{"href":"https:\/\/vinasfm.com\/noticias\/wp-json\/wp\/v2\/types\/post"}],"author":[{"embeddable":true,"href":"https:\/\/vinasfm.com\/noticias\/wp-json\/wp\/v2\/users\/7"}],"replies":[{"embeddable":true,"href":"https:\/\/vinasfm.com\/noticias\/wp-json\/wp\/v2\/comments?post=150304"}],"version-history":[{"count":3,"href":"https:\/\/vinasfm.com\/noticias\/wp-json\/wp\/v2\/posts\/150304\/revisions"}],"predecessor-version":[{"id":150311,"href":"https:\/\/vinasfm.com\/noticias\/wp-json\/wp\/v2\/posts\/150304\/revisions\/150311"}],"wp:featuredmedia":[{"embeddable":true,"href":"https:\/\/vinasfm.com\/noticias\/wp-json\/wp\/v2\/media\/150305"}],"wp:attachment":[{"href":"https:\/\/vinasfm.com\/noticias\/wp-json\/wp\/v2\/media?parent=150304"}],"wp:term":[{"taxonomy":"category","embeddable":true,"href":"https:\/\/vinasfm.com\/noticias\/wp-json\/wp\/v2\/categories?post=150304"},{"taxonomy":"post_tag","embeddable":true,"href":"https:\/\/vinasfm.com\/noticias\/wp-json\/wp\/v2\/tags?post=150304"}],"curies":[{"name":"wp","href":"https:\/\/api.w.org\/{rel}","templated":true}]}}