{"id":150291,"date":"2025-07-02T08:30:05","date_gmt":"2025-07-02T11:30:05","guid":{"rendered":"https:\/\/vinasfm.com\/noticias\/?p=150291"},"modified":"2025-07-02T11:47:24","modified_gmt":"2025-07-02T14:47:24","slug":"gabriel-canci-visito-general-alvear-y-anticipo-grandes-propuestas-culturales-para-el-departamento","status":"publish","type":"post","link":"https:\/\/vinasfm.com\/noticias\/gabriel-canci-visito-general-alvear-y-anticipo-grandes-propuestas-culturales-para-el-departamento\/","title":{"rendered":"GABRIEL CANCI VISIT\u00d3 GENERAL ALVEAR Y ANTICIP\u00d3 GRANDES PROPUESTAS CULTURALES PARA EL DEPARTAMENTO"},"content":{"rendered":"<h4><strong><span style=\"color: #003300;\">El reconocido productor de espect\u00e1culos y moda, conductor televisivo, actor y empresario Gabriel Canci visit\u00f3 General Alvear y mantuvo una reuni\u00f3n con autoridades municipales para delinear futuros proyectos art\u00edsticos y culturales en el departamento. Su visita, cargada de entusiasmo y visi\u00f3n, dej\u00f3 importantes anuncios que prometen posicionar a Alvear con buena proyecci\u00f3n art\u00edstica y tur\u00edstica.<\/span><\/strong><\/h4>\n<p>Durante su paso por el departamento, <span style=\"color: #003366;\"><strong>Canci<\/strong><\/span> destac\u00f3 la calidez del recibimiento por parte de la comunidad y elogi\u00f3 el trabajo del intendente <span style=\"color: #003366;\">Alejandro \u201cJany\u201d Molero<\/span>: <strong><em>\u201cla verdad que estoy muy feliz porque el Departamento de General Alvear y toda su gente siempre nos recibe muy bien. Ya estuvimos en la Fiesta de la Ganader\u00eda y ahora estamos preparando algo bastante interesante\u201d<\/em><\/strong>, se\u00f1al\u00f3.<\/p>\n<p>Entre los proyectos adelantados por el productor se encuentra un importante desfile de moda que podr\u00eda concretarse entre octubre y noviembre de este a\u00f1o, con una propuesta de alto impacto, <em><strong>\u201cposiblemente se viene un gran desfile: Alvear de Moda. Queremos explotar a General Alvear y que todo el mundo lo conozca\u201d<\/strong><\/em>, expres\u00f3 Canci y asegur\u00f3 <strong><em>\u201cvamos a traer celebridades, lo m\u00e1s glamoroso de la moda, el alto vestir, todas las colecciones que vos est\u00e1s acostumbrado o acostumbrada a ver en las plataformas digitales, van a estar ac\u00e1. Todo va a pasar por Alvear\u201d<\/em><\/strong>, asegur\u00f3.<\/p>\n<div id=\"attachment_150293\" style=\"width: 600px\" class=\"wp-caption aligncenter\"><a href=\"https:\/\/vinasfm.com\/noticias\/wp-content\/uploads\/2025\/07\/FB_IMG_1751455367659.jpg\"><img loading=\"lazy\" decoding=\"async\" aria-describedby=\"caption-attachment-150293\" class=\"wp-image-150293\" src=\"https:\/\/vinasfm.com\/noticias\/wp-content\/uploads\/2025\/07\/FB_IMG_1751455367659-1024x576.jpg\" alt=\"\" width=\"600\" height=\"338\" srcset=\"https:\/\/vinasfm.com\/noticias\/wp-content\/uploads\/2025\/07\/FB_IMG_1751455367659-1024x576.jpg 1024w, https:\/\/vinasfm.com\/noticias\/wp-content\/uploads\/2025\/07\/FB_IMG_1751455367659-300x169.jpg 300w, https:\/\/vinasfm.com\/noticias\/wp-content\/uploads\/2025\/07\/FB_IMG_1751455367659-768x432.jpg 768w, https:\/\/vinasfm.com\/noticias\/wp-content\/uploads\/2025\/07\/FB_IMG_1751455367659-1140x641.jpg 1140w, https:\/\/vinasfm.com\/noticias\/wp-content\/uploads\/2025\/07\/FB_IMG_1751455367659.jpg 1440w\" sizes=\"auto, (max-width: 600px) 100vw, 600px\" \/><\/a><p id=\"caption-attachment-150293\" class=\"wp-caption-text\">Gabriel Canci en el edificio municipal de General Alvear.<\/p><\/div>\n<p>Adem\u00e1s, anunci\u00f3 la llegada de una comedia musical de nivel nacional: <em><strong>\u201cvamos a traer una comedia musical, \u2018Gran Hotel Tango\u2019, y muchas cosas m\u00e1s. Nos vamos a estar viendo seguido\u201d<\/strong><\/em>, afirm\u00f3, al tiempo que expres\u00f3 su intenci\u00f3n de llevar a cabo una promoci\u00f3n intensa del departamento.<\/p>\n<p><em><strong>\u201cVamos a estar promocionando en todas las latitudes este gran desarrollo. Va a ser una gran fusi\u00f3n de talentos nacionales y locales. Vamos a mostrar lo mejor de nuestra cultura y el turismo, todas las bondades que tiene Alvear\u201d<\/strong><\/em>, concluy\u00f3 el productor.<\/p>\n","protected":false},"excerpt":{"rendered":"<p>El reconocido productor de espect\u00e1culos y moda, conductor televisivo, actor y empresario Gabriel Canci visit\u00f3 General Alvear y mantuvo una reuni\u00f3n &#8230;<\/p>\n","protected":false},"author":7,"featured_media":150292,"comment_status":"open","ping_status":"open","sticky":false,"template":"","format":"standard","meta":{"footnotes":""},"categories":[78,11],"tags":[],"class_list":["post-150291","post","type-post","status-publish","format-standard","has-post-thumbnail","hentry","category-municipalidad","category-sociales"],"_links":{"self":[{"href":"https:\/\/vinasfm.com\/noticias\/wp-json\/wp\/v2\/posts\/150291","targetHints":{"allow":["GET"]}}],"collection":[{"href":"https:\/\/vinasfm.com\/noticias\/wp-json\/wp\/v2\/posts"}],"about":[{"href":"https:\/\/vinasfm.com\/noticias\/wp-json\/wp\/v2\/types\/post"}],"author":[{"embeddable":true,"href":"https:\/\/vinasfm.com\/noticias\/wp-json\/wp\/v2\/users\/7"}],"replies":[{"embeddable":true,"href":"https:\/\/vinasfm.com\/noticias\/wp-json\/wp\/v2\/comments?post=150291"}],"version-history":[{"count":2,"href":"https:\/\/vinasfm.com\/noticias\/wp-json\/wp\/v2\/posts\/150291\/revisions"}],"predecessor-version":[{"id":150295,"href":"https:\/\/vinasfm.com\/noticias\/wp-json\/wp\/v2\/posts\/150291\/revisions\/150295"}],"wp:featuredmedia":[{"embeddable":true,"href":"https:\/\/vinasfm.com\/noticias\/wp-json\/wp\/v2\/media\/150292"}],"wp:attachment":[{"href":"https:\/\/vinasfm.com\/noticias\/wp-json\/wp\/v2\/media?parent=150291"}],"wp:term":[{"taxonomy":"category","embeddable":true,"href":"https:\/\/vinasfm.com\/noticias\/wp-json\/wp\/v2\/categories?post=150291"},{"taxonomy":"post_tag","embeddable":true,"href":"https:\/\/vinasfm.com\/noticias\/wp-json\/wp\/v2\/tags?post=150291"}],"curies":[{"name":"wp","href":"https:\/\/api.w.org\/{rel}","templated":true}]}}