{"id":150280,"date":"2025-06-30T16:29:26","date_gmt":"2025-06-30T19:29:26","guid":{"rendered":"https:\/\/vinasfm.com\/noticias\/?p=150280"},"modified":"2025-07-01T11:35:13","modified_gmt":"2025-07-01T14:35:13","slug":"robaron-lechones-a-un-vecino-con-discapacidad-en-bowen-y-escaparon-entre-fincas","status":"publish","type":"post","link":"https:\/\/vinasfm.com\/noticias\/robaron-lechones-a-un-vecino-con-discapacidad-en-bowen-y-escaparon-entre-fincas\/","title":{"rendered":"ROBARON LECHONES A UN VECINO CON DISCAPACIDAD EN BOWEN Y ESCAPARON ENTRE FINCAS"},"content":{"rendered":"<h4><strong><span style=\"color: #003300;\">En un emotivo testimonio compartido con FM VI\u00d1AS,, Estela, vecina de Bowen, relat\u00f3 un indignante episodio de inseguridad que afect\u00f3 a su hermano, residente en Prolongaci\u00f3n Sarmiento Sur. En la noche del jueves, \u201camigos de lo ajeno\u201d ingresaron a su propiedad y carnearon un lech\u00f3n, logrando llev\u00e1rselo. Otro animal fue degollado en el intento, pero qued\u00f3 abandonado muerto en el lugar al ser sorprendidos por el due\u00f1o, alertado por los ladridos de los perros.<\/span><\/strong><\/h4>\n<p><em><strong>\u201cMi hermano sali\u00f3 cuando escuch\u00f3 ruido y los perros ladraban. Alcanz\u00f3 a ver que se escapaban con el lech\u00f3n ya carneado\u201d<\/strong><\/em>, detall\u00f3 Estela. Lamentablemente, el segundo lech\u00f3n, tambi\u00e9n herido, <strong>muri\u00f3 sin poder ser aprovechado<\/strong>. Los animales ten\u00edan un peso aproximado de <strong>11 kilos<\/strong>, y ya hab\u00edan sido <strong>vendidos previamente<\/strong>, en el marco de un sistema de trueque que el damnificado utiliza para sostenerse.<\/p>\n<p>Su hermano, que <strong>vive solo y cobra una pensi\u00f3n por discapacidad<\/strong>, cr\u00eda sus animales con esfuerzo, en ocasiones <strong>cambi\u00e1ndolos por alimentos<\/strong>. <em><strong>\u201cEs la persona m\u00e1s buena que existe. Si alguien quiere un lech\u00f3n, \u00e9l se los da. No hace falta que se lo roben\u201d<\/strong><\/em>, expres\u00f3 con indignaci\u00f3n Estela. Tambi\u00e9n advirti\u00f3 que uno de los animales hab\u00eda sido <strong>desparasitado el d\u00eda anterior<\/strong>, por lo que <strong>su consumo inmediato pod\u00eda haber provocado intoxicaciones<\/strong>, llamando as\u00ed a la <strong>precauci\u00f3n en la compra de carne de dudosa procedencia<\/strong>.<\/p>\n<p>Tras el hecho, personal policial de <strong>Bowen y del destacamento rural<\/strong> intervino r\u00e1pidamente. Con la ayuda de un perro rastreador, <strong>siguieron el rastro<\/strong> de los sospechosos entre las fincas y lograron avanzar hasta las inmediaciones de un secadero ubicado a poco m\u00e1s de un kil\u00f3metro del lugar del robo, donde se perdi\u00f3 el rastro.<\/p>\n<p>A pesar del mal trago, Estela agradeci\u00f3 profundamente la <strong>r\u00e1pida acci\u00f3n y contenci\u00f3n brindada por la polic\u00eda<\/strong> local, que acompa\u00f1\u00f3 a su hermano en todo momento. <strong><em>\u201cNadie merece que le roben lo que con tanto esfuerzo ha conseguido, y mucho menos una persona que no molesta a nadie, que vive con humildad y generosidad\u201d<\/em><\/strong>, concluy\u00f3 conmovida.<\/p>\n<p>El hecho pone nuevamente en foco la <strong>preocupaci\u00f3n por la seguridad en zonas rurales<\/strong> y el impacto que estos delitos tienen sobre vecinos vulnerables de la comunidad.<\/p>\n","protected":false},"excerpt":{"rendered":"<p>En un emotivo testimonio compartido con FM VI\u00d1AS,, Estela, vecina de Bowen, relat\u00f3 un indignante episodio de inseguridad que afect\u00f3 a &#8230;<\/p>\n","protected":false},"author":7,"featured_media":150281,"comment_status":"open","ping_status":"open","sticky":false,"template":"","format":"standard","meta":{"footnotes":""},"categories":[212,4],"tags":[],"class_list":["post-150280","post","type-post","status-publish","format-standard","has-post-thumbnail","hentry","category-abigeato","category-policiales"],"_links":{"self":[{"href":"https:\/\/vinasfm.com\/noticias\/wp-json\/wp\/v2\/posts\/150280","targetHints":{"allow":["GET"]}}],"collection":[{"href":"https:\/\/vinasfm.com\/noticias\/wp-json\/wp\/v2\/posts"}],"about":[{"href":"https:\/\/vinasfm.com\/noticias\/wp-json\/wp\/v2\/types\/post"}],"author":[{"embeddable":true,"href":"https:\/\/vinasfm.com\/noticias\/wp-json\/wp\/v2\/users\/7"}],"replies":[{"embeddable":true,"href":"https:\/\/vinasfm.com\/noticias\/wp-json\/wp\/v2\/comments?post=150280"}],"version-history":[{"count":2,"href":"https:\/\/vinasfm.com\/noticias\/wp-json\/wp\/v2\/posts\/150280\/revisions"}],"predecessor-version":[{"id":150283,"href":"https:\/\/vinasfm.com\/noticias\/wp-json\/wp\/v2\/posts\/150280\/revisions\/150283"}],"wp:featuredmedia":[{"embeddable":true,"href":"https:\/\/vinasfm.com\/noticias\/wp-json\/wp\/v2\/media\/150281"}],"wp:attachment":[{"href":"https:\/\/vinasfm.com\/noticias\/wp-json\/wp\/v2\/media?parent=150280"}],"wp:term":[{"taxonomy":"category","embeddable":true,"href":"https:\/\/vinasfm.com\/noticias\/wp-json\/wp\/v2\/categories?post=150280"},{"taxonomy":"post_tag","embeddable":true,"href":"https:\/\/vinasfm.com\/noticias\/wp-json\/wp\/v2\/tags?post=150280"}],"curies":[{"name":"wp","href":"https:\/\/api.w.org\/{rel}","templated":true}]}}