{"id":150262,"date":"2025-07-01T09:45:55","date_gmt":"2025-07-01T12:45:55","guid":{"rendered":"https:\/\/vinasfm.com\/noticias\/?p=150262"},"modified":"2025-07-02T08:48:43","modified_gmt":"2025-07-02T11:48:43","slug":"delincuentes-sustrajeron-una-motocicleta-a-plena-luz-del-dia","status":"publish","type":"post","link":"https:\/\/vinasfm.com\/noticias\/delincuentes-sustrajeron-una-motocicleta-a-plena-luz-del-dia\/","title":{"rendered":"DELINCUENTES SUSTRAJERON UNA MOTOCICLETA A PLENA LUZ DEL D\u00cdA"},"content":{"rendered":"<h4 data-start=\"60\" data-end=\"165\"><strong><span style=\"color: #003300;\">El hecho ocurri\u00f3 en horas del mediod\u00eda del lunes. La Polic\u00eda trabaja para dar con los autores del robo.<\/span><\/strong><\/h4>\n<p data-start=\"167\" data-end=\"413\">Este lunes, cerca de las 11:30 horas, se registr\u00f3 un nuevo hecho de inseguridad en General Alvear. Una mujer identificada como M.I.S. denunci\u00f3 el robo de su motocicleta en la intersecci\u00f3n de las calles Bernardo de Irigoyen y Juan Manuel Escudero.<\/p>\n<p data-start=\"415\" data-end=\"690\">Seg\u00fan la informaci\u00f3n brindada por la Comisar\u00eda 14\u00b0, <strong>la v\u00edctima not\u00f3 que su moto, una Motomel Blitz 110 cc, hab\u00eda sido sustra\u00edda del interior de su garaje.<\/strong> Los delincuentes habr\u00edan forzado un candado de seguridad para ingresar al lugar y llevarse el rodado sin ser advertidos.<\/p>\n<p data-start=\"692\" data-end=\"927\">Las autoridades ya se encuentran investigando el caso y se trabaja para dar con los responsables del hecho. No se descarta que c\u00e1maras de seguridad de la zona puedan aportar datos clave para avanzar en la identificaci\u00f3n de los autores.<\/p>\n","protected":false},"excerpt":{"rendered":"<p>El hecho ocurri\u00f3 en horas del mediod\u00eda del lunes. La Polic\u00eda trabaja para dar con los autores del robo. Este lunes, &#8230;<\/p>\n","protected":false},"author":7,"featured_media":131168,"comment_status":"open","ping_status":"open","sticky":false,"template":"","format":"standard","meta":{"footnotes":""},"categories":[201,4],"tags":[],"class_list":["post-150262","post","type-post","status-publish","format-standard","has-post-thumbnail","hentry","category-inseguridad","category-policiales"],"_links":{"self":[{"href":"https:\/\/vinasfm.com\/noticias\/wp-json\/wp\/v2\/posts\/150262","targetHints":{"allow":["GET"]}}],"collection":[{"href":"https:\/\/vinasfm.com\/noticias\/wp-json\/wp\/v2\/posts"}],"about":[{"href":"https:\/\/vinasfm.com\/noticias\/wp-json\/wp\/v2\/types\/post"}],"author":[{"embeddable":true,"href":"https:\/\/vinasfm.com\/noticias\/wp-json\/wp\/v2\/users\/7"}],"replies":[{"embeddable":true,"href":"https:\/\/vinasfm.com\/noticias\/wp-json\/wp\/v2\/comments?post=150262"}],"version-history":[{"count":1,"href":"https:\/\/vinasfm.com\/noticias\/wp-json\/wp\/v2\/posts\/150262\/revisions"}],"predecessor-version":[{"id":150263,"href":"https:\/\/vinasfm.com\/noticias\/wp-json\/wp\/v2\/posts\/150262\/revisions\/150263"}],"wp:featuredmedia":[{"embeddable":true,"href":"https:\/\/vinasfm.com\/noticias\/wp-json\/wp\/v2\/media\/131168"}],"wp:attachment":[{"href":"https:\/\/vinasfm.com\/noticias\/wp-json\/wp\/v2\/media?parent=150262"}],"wp:term":[{"taxonomy":"category","embeddable":true,"href":"https:\/\/vinasfm.com\/noticias\/wp-json\/wp\/v2\/categories?post=150262"},{"taxonomy":"post_tag","embeddable":true,"href":"https:\/\/vinasfm.com\/noticias\/wp-json\/wp\/v2\/tags?post=150262"}],"curies":[{"name":"wp","href":"https:\/\/api.w.org\/{rel}","templated":true}]}}