{"id":150250,"date":"2025-07-01T09:17:15","date_gmt":"2025-07-01T12:17:15","guid":{"rendered":"https:\/\/vinasfm.com\/noticias\/?p=150250"},"modified":"2025-07-02T08:50:09","modified_gmt":"2025-07-02T11:50:09","slug":"ayudanos-a-abrigar-campana-solidaria-de-caritas-sagrado-corazon","status":"publish","type":"post","link":"https:\/\/vinasfm.com\/noticias\/ayudanos-a-abrigar-campana-solidaria-de-caritas-sagrado-corazon\/","title":{"rendered":"\u00abAYUDANOS A ABRIGAR\u00bb: CAMPA\u00d1A SOLIDARIA DE C\u00c1RITAS SAGRADO CORAZ\u00d3N"},"content":{"rendered":"<h4><strong>Debido a las bajas temperaturas que azotan a gran parte del pa\u00eds, desde C\u00e1ritas Sagrado Coraz\u00f3n estan realizando una campa\u00f1a solidaria para ayudar a los m\u00e1s necesitados. Se recibe frazadas, camperas, bufandas,guantes y ropa de abrigo en buen estado.\u00a0<\/strong><\/h4>\n<p><strong><span style=\"color: #800080;\">Chabela Mazzuchi<\/span><\/strong>, integrante de<strong><span style=\"color: #ff0000;\"> C\u00e1ritas-Parroquia Sagrado Coraz\u00f3n<\/span><\/strong>, brind\u00f3 detalles: <em><strong>&#8216;<span class=\"cursor-pointer group\" title=\"Reproducir desde 0:00\"><span class=\"group-hover:bg-base-200 rounded p-0.5 -m-0.5\" data-start=\"0\" data-end=\"7700\">nosotros siempre tenemos alguna reserva<\/span><\/span> <span class=\"cursor-pointer group\" title=\"Reproducir desde 0:08\"><span class=\"group-hover:bg-base-200 rounded p-0.5 -m-0.5 bg-primary\/25 transition-all duration-200\" data-start=\"7700\" data-end=\"15700\" data-active=\"\">en C\u00e1ritas del Sagrado Coraz\u00f3n ya sean alimentos o ropa de abrigo, ante las alertas por<\/span><\/span><span class=\"cursor-pointer group\" title=\"Reproducir desde 0:16\"><span class=\"group-hover:bg-base-200 rounded p-0.5 -m-0.5\" data-start=\"15700\" data-end=\"26080\"> bajas temperaturas decidimos recurrir<\/span><\/span> <\/strong><\/em><span class=\"cursor-pointer group\" title=\"Reproducir desde 0:26\"><span class=\"group-hover:bg-base-200 rounded p-0.5 -m-0.5\" data-start=\"26080\" data-end=\"33240\"><em><strong>a nuestra querida poblaci\u00f3n de General Alvear la cual siempre es tan solidaria&#8217;<\/strong><\/em>.<\/span><\/span><\/p>\n<p><em><strong><span class=\"cursor-pointer group\" title=\"Reproducir desde 0:44\"><span class=\"group-hover:bg-base-200 rounded p-0.5 -m-0.5\" data-start=\"44020\" data-end=\"57660\">&#8216;Ha sido una bendici\u00f3n<\/span><\/span><\/strong><\/em><span class=\"cursor-pointer group\" title=\"Reproducir desde 0:58\"><span class=\"group-hover:bg-base-200 rounded p-0.5 -m-0.5\" data-start=\"57660\" data-end=\"67480\"><em><strong> porque fue una respuesta inmediata, utilizamos las redes sociales y tuvo gran alcance&#8217;<\/strong><\/em>.\u00a0<\/span><\/span><\/p>\n<p>Quienes deseen colaborar pueden enviar sus donaciones a <strong><span style=\"color: #ff0000;\">Calle Mitre y Olascoaga<\/span><\/strong> o bien comunicarse v\u00eda whatsapp (Audio) al <strong><span style=\"color: #ff0000;\">2625-55633<\/span><\/strong>.<\/p>\n","protected":false},"excerpt":{"rendered":"<p>Debido a las bajas temperaturas que azotan a gran parte del pa\u00eds, desde C\u00e1ritas Sagrado Coraz\u00f3n estan realizando una campa\u00f1a solidaria &#8230;<\/p>\n","protected":false},"author":7,"featured_media":150225,"comment_status":"open","ping_status":"open","sticky":false,"template":"","format":"standard","meta":{"footnotes":""},"categories":[10,11],"tags":[],"class_list":["post-150250","post","type-post","status-publish","format-standard","has-post-thumbnail","hentry","category-destacadas","category-sociales"],"_links":{"self":[{"href":"https:\/\/vinasfm.com\/noticias\/wp-json\/wp\/v2\/posts\/150250","targetHints":{"allow":["GET"]}}],"collection":[{"href":"https:\/\/vinasfm.com\/noticias\/wp-json\/wp\/v2\/posts"}],"about":[{"href":"https:\/\/vinasfm.com\/noticias\/wp-json\/wp\/v2\/types\/post"}],"author":[{"embeddable":true,"href":"https:\/\/vinasfm.com\/noticias\/wp-json\/wp\/v2\/users\/7"}],"replies":[{"embeddable":true,"href":"https:\/\/vinasfm.com\/noticias\/wp-json\/wp\/v2\/comments?post=150250"}],"version-history":[{"count":4,"href":"https:\/\/vinasfm.com\/noticias\/wp-json\/wp\/v2\/posts\/150250\/revisions"}],"predecessor-version":[{"id":150301,"href":"https:\/\/vinasfm.com\/noticias\/wp-json\/wp\/v2\/posts\/150250\/revisions\/150301"}],"wp:featuredmedia":[{"embeddable":true,"href":"https:\/\/vinasfm.com\/noticias\/wp-json\/wp\/v2\/media\/150225"}],"wp:attachment":[{"href":"https:\/\/vinasfm.com\/noticias\/wp-json\/wp\/v2\/media?parent=150250"}],"wp:term":[{"taxonomy":"category","embeddable":true,"href":"https:\/\/vinasfm.com\/noticias\/wp-json\/wp\/v2\/categories?post=150250"},{"taxonomy":"post_tag","embeddable":true,"href":"https:\/\/vinasfm.com\/noticias\/wp-json\/wp\/v2\/tags?post=150250"}],"curies":[{"name":"wp","href":"https:\/\/api.w.org\/{rel}","templated":true}]}}