{"id":150249,"date":"2025-07-01T08:48:25","date_gmt":"2025-07-01T11:48:25","guid":{"rendered":"https:\/\/vinasfm.com\/noticias\/?p=150249"},"modified":"2025-07-02T08:52:14","modified_gmt":"2025-07-02T11:52:14","slug":"la-directora-de-cepi-visito-general-alvear-y-se-reunio-con-el-intendente-molero","status":"publish","type":"post","link":"https:\/\/vinasfm.com\/noticias\/la-directora-de-cepi-visito-general-alvear-y-se-reunio-con-el-intendente-molero\/","title":{"rendered":"LA DIRECTORA DE CEPI VISIT\u00d3 GENERAL ALVEAR Y SE REUNI\u00d3 CON EL INTENDENTE MOLERO"},"content":{"rendered":"<h4><strong><span style=\"color: #003300;\">La directora provincial del Centro de Primera Infancia (CEPI) de la Direcci\u00f3n General de Escuelas (DGE), Natalia San Juan, visit\u00f3 el departamento de General Alvear, donde mantuvo una reuni\u00f3n con el intendente Alejandro Molero.<\/span><\/strong><\/h4>\n<p>Durante el encuentro se abordaron distintos pedidos, propuestas y proyectos vinculados al fortalecimiento de los jardines maternales que dependen de CEPI en el \u00e1mbito local. En particular<strong>, se trabaj\u00f3 sobre necesidades espec\u00edficas del distrito de Bowen, con el objetivo de mejorar la infraestructura y ampliar la cobertura educativa en la primera infancia.<\/strong><\/p>\n<p>La visita se enmarca en una agenda de trabajo conjunta entre el municipio y la DGE para promover el desarrollo integral de ni\u00f1os y ni\u00f1as desde los primeros a\u00f1os, articulando pol\u00edticas p\u00fablicas provinciales con demandas territoriales concretas.<\/p>\n","protected":false},"excerpt":{"rendered":"<p>La directora provincial del Centro de Primera Infancia (CEPI) de la Direcci\u00f3n General de Escuelas (DGE), Natalia San Juan, visit\u00f3 el &#8230;<\/p>\n","protected":false},"author":7,"featured_media":150251,"comment_status":"open","ping_status":"open","sticky":false,"template":"","format":"standard","meta":{"footnotes":""},"categories":[18,78],"tags":[],"class_list":["post-150249","post","type-post","status-publish","format-standard","has-post-thumbnail","hentry","category-educacion","category-municipalidad"],"_links":{"self":[{"href":"https:\/\/vinasfm.com\/noticias\/wp-json\/wp\/v2\/posts\/150249","targetHints":{"allow":["GET"]}}],"collection":[{"href":"https:\/\/vinasfm.com\/noticias\/wp-json\/wp\/v2\/posts"}],"about":[{"href":"https:\/\/vinasfm.com\/noticias\/wp-json\/wp\/v2\/types\/post"}],"author":[{"embeddable":true,"href":"https:\/\/vinasfm.com\/noticias\/wp-json\/wp\/v2\/users\/7"}],"replies":[{"embeddable":true,"href":"https:\/\/vinasfm.com\/noticias\/wp-json\/wp\/v2\/comments?post=150249"}],"version-history":[{"count":1,"href":"https:\/\/vinasfm.com\/noticias\/wp-json\/wp\/v2\/posts\/150249\/revisions"}],"predecessor-version":[{"id":150252,"href":"https:\/\/vinasfm.com\/noticias\/wp-json\/wp\/v2\/posts\/150249\/revisions\/150252"}],"wp:featuredmedia":[{"embeddable":true,"href":"https:\/\/vinasfm.com\/noticias\/wp-json\/wp\/v2\/media\/150251"}],"wp:attachment":[{"href":"https:\/\/vinasfm.com\/noticias\/wp-json\/wp\/v2\/media?parent=150249"}],"wp:term":[{"taxonomy":"category","embeddable":true,"href":"https:\/\/vinasfm.com\/noticias\/wp-json\/wp\/v2\/categories?post=150249"},{"taxonomy":"post_tag","embeddable":true,"href":"https:\/\/vinasfm.com\/noticias\/wp-json\/wp\/v2\/tags?post=150249"}],"curies":[{"name":"wp","href":"https:\/\/api.w.org\/{rel}","templated":true}]}}