{"id":150219,"date":"2025-06-30T11:00:24","date_gmt":"2025-06-30T14:00:24","guid":{"rendered":"https:\/\/vinasfm.com\/noticias\/?p=150219"},"modified":"2025-07-01T10:28:11","modified_gmt":"2025-07-01T13:28:11","slug":"escribir-para-sanar-julieta-gil-presento-en-tortuga-y-patineta-en-casa-salonia","status":"publish","type":"post","link":"https:\/\/vinasfm.com\/noticias\/escribir-para-sanar-julieta-gil-presento-en-tortuga-y-patineta-en-casa-salonia\/","title":{"rendered":"ESCRIBIR PARA SANAR: JULIETA GIL, PRESENT\u00d3 \u00abEN TORTUGA Y PATINETA\u00bb EN CASA SALONIA"},"content":{"rendered":"<h4 data-start=\"93\" data-end=\"169\"><strong><span class=\"relative -mx-px my-[-0.2rem] rounded px-px py-[0.2rem] transition-colors duration-100 ease-in-out\" style=\"color: #003300;\">En el marco del Mes\u00a0de los Escritores, la escritora Julieta Gil present\u00f3 su libro \u00abEn Tortuga y Patineta\u00bb el pasado viernes en Casa\u202fSalonia, clausurando una serie de actividades literarias organizadas por Cultura.<\/span><\/strong><\/h4>\n<p data-start=\"171\" data-end=\"247\"><span class=\"relative -mx-px my-[-0.2rem] rounded px-px py-[0.2rem] transition-colors duration-100 ease-in-out\">Este no es solo un libro m\u00e1s: es un <strong data-start=\"36\" data-end=\"64\">viaje \u00edntimo de sanaci\u00f3n<\/strong> que nace de la experiencia m\u00e1s desgarradora de Julieta, la <strong data-start=\"124\" data-end=\"146\">p\u00e9rdida de su hija<\/strong>, ocurrida hace tres a\u00f1os. <em><strong>\u201cLo empec\u00e9 hace tres a\u00f1os, cuando mi hija parti\u00f3. Escribirlo fue mi terapia, mi refugio, mi forma de buscar luz en la oscuridad m\u00e1s densa\u201d<\/strong><\/em>, confes\u00f3 previamente en di\u00e1logo con <span style=\"color: #800080;\"><strong>FM VI\u00d1AS.<\/strong><\/span><\/span><\/p>\n<p data-start=\"249\" data-end=\"325\"><span class=\"relative -mx-px my-[-0.2rem] rounded px-px py-[0.2rem] transition-colors duration-100 ease-in-out\">La obra, editada por <strong data-start=\"21\" data-end=\"36\">Omar Gait\u00e1n<\/strong> (Editorial Adulam), combina <strong data-start=\"65\" data-end=\"107\">poemas, pensamientos y memoria emotiva<\/strong>, reflejando un proceso de <strong data-start=\"134\" data-end=\"168\">duelo, perd\u00f3n y reconstrucci\u00f3n<\/strong>. Julieta relat\u00f3 c\u00f3mo este trabajo fue <em><strong>\u201cdesde las entra\u00f1as del duelo m\u00e1s desgarrador\u201d<\/strong><\/em>, y expres\u00f3 su esperanza de que <em><strong>\u00abeste libro tambi\u00e9n pueda ayudar a otros, especialmente a quienes hayan atravesado una p\u00e9rdida similar\u201d.<\/strong><\/em><\/span><\/p>\n<p data-start=\"249\" data-end=\"325\"><a href=\"https:\/\/vinasfm.com\/noticias\/wp-content\/uploads\/2025\/06\/Imagen-de-WhatsApp-2025-06-30-a-las-10.39.26_cc66b377.jpg\"><img loading=\"lazy\" decoding=\"async\" class=\"wp-image-150221 aligncenter\" src=\"https:\/\/vinasfm.com\/noticias\/wp-content\/uploads\/2025\/06\/Imagen-de-WhatsApp-2025-06-30-a-las-10.39.26_cc66b377-1024x682.jpg\" alt=\"\" width=\"600\" height=\"400\" srcset=\"https:\/\/vinasfm.com\/noticias\/wp-content\/uploads\/2025\/06\/Imagen-de-WhatsApp-2025-06-30-a-las-10.39.26_cc66b377-1024x682.jpg 1024w, https:\/\/vinasfm.com\/noticias\/wp-content\/uploads\/2025\/06\/Imagen-de-WhatsApp-2025-06-30-a-las-10.39.26_cc66b377-300x200.jpg 300w, https:\/\/vinasfm.com\/noticias\/wp-content\/uploads\/2025\/06\/Imagen-de-WhatsApp-2025-06-30-a-las-10.39.26_cc66b377-768x512.jpg 768w, https:\/\/vinasfm.com\/noticias\/wp-content\/uploads\/2025\/06\/Imagen-de-WhatsApp-2025-06-30-a-las-10.39.26_cc66b377-1536x1023.jpg 1536w, https:\/\/vinasfm.com\/noticias\/wp-content\/uploads\/2025\/06\/Imagen-de-WhatsApp-2025-06-30-a-las-10.39.26_cc66b377.jpg 1600w\" sizes=\"auto, (max-width: 600px) 100vw, 600px\" \/><\/a><\/p>\n<p data-start=\"327\" data-end=\"403\"><span class=\"relative -mx-px my-[-0.2rem] rounded px-px py-[0.2rem] transition-colors duration-100 ease-in-out\">El t\u00edtulo de la obra, <span style=\"color: #008000;\"><em>\u201cEn Tortuga y Patineta\u201d<\/em><\/span>, proviene de una frase entra\u00f1able compartida entre su hija y una t\u00eda: <strong><em>\u201c\u2018t\u00eda, te amo hasta la luna y de vuelta, en tortuga y patineta\u2019\u201d.<\/em><\/strong> Ese v\u00ednculo de ternura e inocencia est\u00e1 presente en cada p\u00e1gina.<\/span><\/p>\n<p data-start=\"405\" data-end=\"481\"><span class=\"relative -mx-px my-[-0.2rem] rounded px-px py-[0.2rem] transition-colors duration-100 ease-in-out\">Aunque la obra ya tuvo su entrada en escena en <strong data-start=\"47\" data-end=\"63\">Buenos Aires<\/strong>, esta presentaci\u00f3n represent\u00f3 un momento muy especial: su primera lectura <strong data-start=\"138\" data-end=\"160\">en su tierra natal<\/strong>. <em><strong>\u201cInvit\u00e9 personalmente a muchas mam\u00e1s\u2026 s\u00e9 lo que duele, s\u00e9 lo que pesa. Pero tambi\u00e9n s\u00e9 que se puede encontrar luz\u201d<\/strong><\/em>, <a href=\"https:\/\/vinasfm.com\/noticias\/escribir-para-sanar-julieta-gil-presenta-en-tortuga-y-patineta\/\">afirm\u00f3 Julieta<\/a>, visiblemente emocionada.<\/span><\/p>\n<p data-start=\"483\" data-end=\"856\">La presentaci\u00f3n, abierta al p\u00fablico, fue el cierre de las actividades organizadas por la Municipalidad en el marco del <strong data-start=\"602\" data-end=\"622\">Mes del Escritor<\/strong> y convoc\u00f3 a vecinos, colegas y familiares. Con su testimonio, Julieta Gil reafirma el poder de la palabra como <strong data-start=\"734\" data-end=\"762\">herramienta de esperanza<\/strong>, demostrando que incluso en la p\u00e9rdida m\u00e1s profunda puede surgir un puente hacia la sanaci\u00f3n.<\/p>\n","protected":false},"excerpt":{"rendered":"<p>En el marco del Mes\u00a0de los Escritores, la escritora Julieta Gil present\u00f3 su libro \u00abEn Tortuga y Patineta\u00bb el pasado viernes &#8230;<\/p>\n","protected":false},"author":7,"featured_media":150220,"comment_status":"open","ping_status":"open","sticky":false,"template":"","format":"standard","meta":{"footnotes":""},"categories":[10,11],"tags":[],"class_list":["post-150219","post","type-post","status-publish","format-standard","has-post-thumbnail","hentry","category-destacadas","category-sociales"],"_links":{"self":[{"href":"https:\/\/vinasfm.com\/noticias\/wp-json\/wp\/v2\/posts\/150219","targetHints":{"allow":["GET"]}}],"collection":[{"href":"https:\/\/vinasfm.com\/noticias\/wp-json\/wp\/v2\/posts"}],"about":[{"href":"https:\/\/vinasfm.com\/noticias\/wp-json\/wp\/v2\/types\/post"}],"author":[{"embeddable":true,"href":"https:\/\/vinasfm.com\/noticias\/wp-json\/wp\/v2\/users\/7"}],"replies":[{"embeddable":true,"href":"https:\/\/vinasfm.com\/noticias\/wp-json\/wp\/v2\/comments?post=150219"}],"version-history":[{"count":1,"href":"https:\/\/vinasfm.com\/noticias\/wp-json\/wp\/v2\/posts\/150219\/revisions"}],"predecessor-version":[{"id":150222,"href":"https:\/\/vinasfm.com\/noticias\/wp-json\/wp\/v2\/posts\/150219\/revisions\/150222"}],"wp:featuredmedia":[{"embeddable":true,"href":"https:\/\/vinasfm.com\/noticias\/wp-json\/wp\/v2\/media\/150220"}],"wp:attachment":[{"href":"https:\/\/vinasfm.com\/noticias\/wp-json\/wp\/v2\/media?parent=150219"}],"wp:term":[{"taxonomy":"category","embeddable":true,"href":"https:\/\/vinasfm.com\/noticias\/wp-json\/wp\/v2\/categories?post=150219"},{"taxonomy":"post_tag","embeddable":true,"href":"https:\/\/vinasfm.com\/noticias\/wp-json\/wp\/v2\/tags?post=150219"}],"curies":[{"name":"wp","href":"https:\/\/api.w.org\/{rel}","templated":true}]}}