{"id":150216,"date":"2025-06-30T10:48:04","date_gmt":"2025-06-30T13:48:04","guid":{"rendered":"https:\/\/vinasfm.com\/noticias\/?p=150216"},"modified":"2025-07-01T10:28:33","modified_gmt":"2025-07-01T13:28:33","slug":"elegi-cuidarte-prevencion-y-dialogo-frente-a-las-adicciones","status":"publish","type":"post","link":"https:\/\/vinasfm.com\/noticias\/elegi-cuidarte-prevencion-y-dialogo-frente-a-las-adicciones\/","title":{"rendered":"\u00abELEG\u00cd CUIDARTE\u00bb: PREVENCI\u00d3N Y DI\u00c1LOGO FRENTE A LAS ADICCIONES"},"content":{"rendered":"<h4><strong><span style=\"color: #003300;\">En el marco del D\u00eda Internacional de la Lucha contra el Uso Indebido y el Tr\u00e1fico Il\u00edcito de Drogas, que se conmemora cada 26 de junio, desde la Coordinaci\u00f3n de Derechos Humanos y Equidad de la Direcci\u00f3n de Familia se lleva adelante el programa \u00abEleg\u00ed Cuidarte\u00bb, destinado a la prevenci\u00f3n de adicciones en adolescentes.<\/span><\/strong><\/h4>\n<p>Durante la semana, se realizaron charlas en las escuelas:<em> N\u00b0 4-113 Ingeniero Jorge Ra\u00fal Barraquero, N\u00b0 4-202 R\u00edo Atuel<\/em> y mensajes preventivos en la v\u00eda p\u00fablica, a cargo de t\u00e9cnicos especializados, con el objetivo de brindar informaci\u00f3n accesible y adecuada a cada grupo etario.<\/p>\n<p><strong><span style=\"color: #003366;\">Florencia Merlo<\/span><\/strong>,<em> coordinadora del \u00e1rea<\/em>, remarc\u00f3 la importancia de escuchar activamente a los j\u00f3venes y de fortalecer el acompa\u00f1amiento. <em><strong>\u201cNo se trata solo de informar, sino de generar espacios de di\u00e1logo y contenci\u00f3n\u201d<\/strong><\/em>, se\u00f1al\u00f3.<\/p>\n<p>Las actividades no solo se orientaron a estudiantes, sino tambi\u00e9n a padres, promoviendo espacios de participaci\u00f3n donde se abordaron las causas y consecuencias de las adicciones, as\u00ed como estrategias de acompa\u00f1amiento. <em><strong>\u201cElegimos trabajar con adolescentes porque est\u00e1n en una etapa clave, donde la prevenci\u00f3n hace una gran diferencia\u201d<\/strong><\/em>, destac\u00f3 Merlo.<\/p>\n<p>A su vez, se record\u00f3 que quienes necesiten informaci\u00f3n o asistencia, pueden acercarse a la Direcci\u00f3n de Familia, donde se brinda orientaci\u00f3n personalizada y charlas a instituciones que\u00a0lo\u00a0soliciten.<\/p>\n","protected":false},"excerpt":{"rendered":"<p>En el marco del D\u00eda Internacional de la Lucha contra el Uso Indebido y el Tr\u00e1fico Il\u00edcito de Drogas, que se &#8230;<\/p>\n","protected":false},"author":7,"featured_media":150217,"comment_status":"open","ping_status":"open","sticky":false,"template":"","format":"standard","meta":{"footnotes":""},"categories":[18,11],"tags":[],"class_list":["post-150216","post","type-post","status-publish","format-standard","has-post-thumbnail","hentry","category-educacion","category-sociales"],"_links":{"self":[{"href":"https:\/\/vinasfm.com\/noticias\/wp-json\/wp\/v2\/posts\/150216","targetHints":{"allow":["GET"]}}],"collection":[{"href":"https:\/\/vinasfm.com\/noticias\/wp-json\/wp\/v2\/posts"}],"about":[{"href":"https:\/\/vinasfm.com\/noticias\/wp-json\/wp\/v2\/types\/post"}],"author":[{"embeddable":true,"href":"https:\/\/vinasfm.com\/noticias\/wp-json\/wp\/v2\/users\/7"}],"replies":[{"embeddable":true,"href":"https:\/\/vinasfm.com\/noticias\/wp-json\/wp\/v2\/comments?post=150216"}],"version-history":[{"count":1,"href":"https:\/\/vinasfm.com\/noticias\/wp-json\/wp\/v2\/posts\/150216\/revisions"}],"predecessor-version":[{"id":150218,"href":"https:\/\/vinasfm.com\/noticias\/wp-json\/wp\/v2\/posts\/150216\/revisions\/150218"}],"wp:featuredmedia":[{"embeddable":true,"href":"https:\/\/vinasfm.com\/noticias\/wp-json\/wp\/v2\/media\/150217"}],"wp:attachment":[{"href":"https:\/\/vinasfm.com\/noticias\/wp-json\/wp\/v2\/media?parent=150216"}],"wp:term":[{"taxonomy":"category","embeddable":true,"href":"https:\/\/vinasfm.com\/noticias\/wp-json\/wp\/v2\/categories?post=150216"},{"taxonomy":"post_tag","embeddable":true,"href":"https:\/\/vinasfm.com\/noticias\/wp-json\/wp\/v2\/tags?post=150216"}],"curies":[{"name":"wp","href":"https:\/\/api.w.org\/{rel}","templated":true}]}}