{"id":150162,"date":"2025-06-28T11:40:52","date_gmt":"2025-06-28T14:40:52","guid":{"rendered":"https:\/\/vinasfm.com\/noticias\/?p=150162"},"modified":"2025-06-30T20:20:16","modified_gmt":"2025-06-30T23:20:16","slug":"una-mujer-sufrio-el-robo-de-su-bicicleta","status":"publish","type":"post","link":"https:\/\/vinasfm.com\/noticias\/una-mujer-sufrio-el-robo-de-su-bicicleta\/","title":{"rendered":"UNA MUJER SUFRI\u00d3 EL ROBO DE SU BICICLETA"},"content":{"rendered":"<h4 data-start=\"61\" data-end=\"264\">Una vecina de 36 a\u00f1os, identificada como F. G., fue v\u00edctima de un robo en la intersecci\u00f3n de las calles Mendoza y Buenos Aires.<\/h4>\n<p data-start=\"266\" data-end=\"525\">El hecho ocurri\u00f3 cuando la mujer entreg\u00f3 una bicicleta rodado 29 a su hijo menor para que realizara unas compras en un comercio de la zona. <strong>El menor dej\u00f3 el rodado sin medidas de seguridad y, al salir del local, constat\u00f3 que la bicicleta hab\u00eda sido sustra\u00edda.<\/strong><\/p>\n<p data-start=\"527\" data-end=\"719\" data-is-last-node=\"\" data-is-only-node=\"\">Hasta el momento no hay detenidos y se investiga el hecho. Las autoridades recomiendan extremar las precauciones a la hora de dejar veh\u00edculos sin resguardo, especialmente en zonas transitadas.<\/p>\n","protected":false},"excerpt":{"rendered":"<p>Una vecina de 36 a\u00f1os, identificada como F. G., fue v\u00edctima de un robo en la intersecci\u00f3n de las calles Mendoza &#8230;<\/p>\n","protected":false},"author":7,"featured_media":125434,"comment_status":"open","ping_status":"open","sticky":false,"template":"","format":"standard","meta":{"footnotes":""},"categories":[201,4],"tags":[],"class_list":["post-150162","post","type-post","status-publish","format-standard","has-post-thumbnail","hentry","category-inseguridad","category-policiales"],"_links":{"self":[{"href":"https:\/\/vinasfm.com\/noticias\/wp-json\/wp\/v2\/posts\/150162","targetHints":{"allow":["GET"]}}],"collection":[{"href":"https:\/\/vinasfm.com\/noticias\/wp-json\/wp\/v2\/posts"}],"about":[{"href":"https:\/\/vinasfm.com\/noticias\/wp-json\/wp\/v2\/types\/post"}],"author":[{"embeddable":true,"href":"https:\/\/vinasfm.com\/noticias\/wp-json\/wp\/v2\/users\/7"}],"replies":[{"embeddable":true,"href":"https:\/\/vinasfm.com\/noticias\/wp-json\/wp\/v2\/comments?post=150162"}],"version-history":[{"count":2,"href":"https:\/\/vinasfm.com\/noticias\/wp-json\/wp\/v2\/posts\/150162\/revisions"}],"predecessor-version":[{"id":150164,"href":"https:\/\/vinasfm.com\/noticias\/wp-json\/wp\/v2\/posts\/150162\/revisions\/150164"}],"wp:featuredmedia":[{"embeddable":true,"href":"https:\/\/vinasfm.com\/noticias\/wp-json\/wp\/v2\/media\/125434"}],"wp:attachment":[{"href":"https:\/\/vinasfm.com\/noticias\/wp-json\/wp\/v2\/media?parent=150162"}],"wp:term":[{"taxonomy":"category","embeddable":true,"href":"https:\/\/vinasfm.com\/noticias\/wp-json\/wp\/v2\/categories?post=150162"},{"taxonomy":"post_tag","embeddable":true,"href":"https:\/\/vinasfm.com\/noticias\/wp-json\/wp\/v2\/tags?post=150162"}],"curies":[{"name":"wp","href":"https:\/\/api.w.org\/{rel}","templated":true}]}}