{"id":150148,"date":"2025-06-27T12:07:45","date_gmt":"2025-06-27T15:07:45","guid":{"rendered":"https:\/\/vinasfm.com\/noticias\/?p=150148"},"modified":"2025-06-27T12:07:45","modified_gmt":"2025-06-27T15:07:45","slug":"vialidad-mendoza-comienza-la-reconstruccion-de-la-rp-171-en-el-sur-y-habra-desvios","status":"publish","type":"post","link":"https:\/\/vinasfm.com\/noticias\/vialidad-mendoza-comienza-la-reconstruccion-de-la-rp-171-en-el-sur-y-habra-desvios\/","title":{"rendered":"VIALIDAD MENDOZA COMIENZA LA RECONSTRUCCI\u00d3N DE LA RP 171 EN EL SUR Y HABR\u00c1 DESV\u00cdOS"},"content":{"rendered":"<div class=\"x14z9mp xat24cr x1lziwak x1vvkbs xtlvy1s x126k92a\">\n<h4 dir=\"auto\"><strong><span style=\"color: #003300;\">Desde Monte Com\u00e1n hacia Real del Padre se trabajar\u00e1 sobre media calzada y habr\u00e1 asistencia de banderilleros.<\/span><\/strong><\/h4>\n<div dir=\"auto\">Luego de las obras previas de bacheo del camino y de nivelaci\u00f3n y limpieza de banquinas, <strong>se inician hoy viernes los primeros trabajos para la reconstrucci\u00f3n de la Ruta Provincial 171, en San Rafael<\/strong>. La traza une las localidades de Monte Com\u00e1n y Real de Padre, y las tareas ocasionar\u00e1n desv\u00edos de tr\u00e1nsito sobre los tramos intervenidos.<\/div>\n<\/div>\n<div class=\"x14z9mp xat24cr x1lziwak x1vvkbs xtlvy1s x126k92a\">\n<div dir=\"auto\"><\/div>\n<div dir=\"auto\">Los desv\u00edos <strong>se llevar\u00e1n a cabo a diario sobre media calzada de la ruta y asistidos con banderilleros en los sectores donde se est\u00e9 interviniendo,<\/strong> con el fin de garantizar la transitabilidad permanente mientras la empresa contratada por Vialidad Mendoza avanza con el plan de obras trazado.<\/div>\n<div dir=\"auto\"><img decoding=\"async\" class=\"aligncenter\" src=\"https:\/\/scontent.fmdz4-1.fna.fbcdn.net\/v\/t39.30808-6\/514008345_9420653664701911_8883584804890140792_n.jpg?stp=dst-jpg_p526x296_tt6&amp;_nc_cat=102&amp;ccb=1-7&amp;_nc_sid=833d8c&amp;_nc_eui2=AeFlfz126ukTwgMe8wzahxWkScNtGqqMtWBJw20aqoy1YF3G48sxkI7QMscD1_Gszl8D9cIuYBy5Rb0FNRgdOxnc&amp;_nc_ohc=159lNCjMEXwQ7kNvwEvbwpY&amp;_nc_oc=Adl8-K4tSzgb4Qchh0jGyito0f5vEm63X30FNcNX6-fwm2lREtfeac8xtv1kx1oT4Aw&amp;_nc_zt=23&amp;_nc_ht=scontent.fmdz4-1.fna&amp;_nc_gid=epujo34TyRb3zM3xvNImow&amp;oh=00_AfNqZuZlVmX8S9OxBbGqcUhh1wdv89oEkAQC6S4S8TnKWw&amp;oe=686484B5\" alt=\"Puede ser una imagen de mapa y texto que dice &quot;CORTE DE TR\u00c1NSITO DIURNO EN MEDIA CALZADA Obra: Repavimentaci\u00f3n Ruta Provincial No 171 Desde el viernes 27 de junio de 8:00 a18hs a sobre calzada oeste desde calle Mar del Plata Monte Com\u00e1n FINANCIADA CON FONDO DE RESARCIMIENTO N MONTE COM\u00c1N Calle MA MARD RD DEL LATA Calle MAR RD DEL LPLATA Este R.P.N\u00b0 171 CORTE CORTEDETRANSITODIURNO DE TR\u00c1NSITO DIURNO calzada derecha\/oeste R.P.N\u00b0 171 \ud559\uc0b0 VMUDAD \u0418AAAO \u30ad +l H MENTCZA Circular con precauci\u00f3n. Respete las indicaciones de los banderilleros.&quot;\" \/><\/div>\n<\/div>\n<div class=\"x14z9mp xat24cr x1lziwak x1vvkbs xtlvy1s x126k92a\">\n<div dir=\"auto\"><\/div>\n<div dir=\"auto\">El punto de inicio ser\u00e1 la <strong>Ruta Provincial 171 y calle Mar del Plata, en la localidad de Monte Com\u00e1n, y las tareas de intervenci\u00f3n se realizar\u00e1n por tramos.<\/strong><\/div>\n<\/div>\n<div class=\"x14z9mp xat24cr x1lziwak x1vvkbs xtlvy1s x126k92a\">\n<div dir=\"auto\"><\/div>\n<div dir=\"auto\">En los d\u00edas siguientes, <strong>cada tramo intervenido quedar\u00e1 transitable en la misma jornada de ser posible, pero no asfaltado, mientras los operarios y m\u00e1quinas ir\u00e1n avanzando hacia los tramos inmediatos hasta llegar a Real del Padre.<\/strong> Luego ser\u00e1 el turno de hacer lo mismo en la otra media calzada de la ruta, antes de aplicar la carpeta asf\u00e1ltica definitiva.<\/div>\n<\/div>\n<div class=\"x14z9mp xat24cr x1lziwak x1vvkbs xtlvy1s x126k92a\">\n<div dir=\"auto\"><\/div>\n<div dir=\"auto\">Adem\u00e1s de ser importante para San Rafael, la RP 171 es una conexi\u00f3n vial crucial para los habitantes de General Alvear, ya que esta desemboca en la Ruta Nacional 143, por la que se llega al centro de esta ciudad<\/div>\n<\/div>\n","protected":false},"excerpt":{"rendered":"<p>Desde Monte Com\u00e1n hacia Real del Padre se trabajar\u00e1 sobre media calzada y habr\u00e1 asistencia de banderilleros. Luego de las obras &#8230;<\/p>\n","protected":false},"author":7,"featured_media":150149,"comment_status":"open","ping_status":"open","sticky":false,"template":"","format":"standard","meta":{"footnotes":""},"categories":[1],"tags":[],"class_list":["post-150148","post","type-post","status-publish","format-standard","has-post-thumbnail","hentry","category-fmvinas"],"_links":{"self":[{"href":"https:\/\/vinasfm.com\/noticias\/wp-json\/wp\/v2\/posts\/150148","targetHints":{"allow":["GET"]}}],"collection":[{"href":"https:\/\/vinasfm.com\/noticias\/wp-json\/wp\/v2\/posts"}],"about":[{"href":"https:\/\/vinasfm.com\/noticias\/wp-json\/wp\/v2\/types\/post"}],"author":[{"embeddable":true,"href":"https:\/\/vinasfm.com\/noticias\/wp-json\/wp\/v2\/users\/7"}],"replies":[{"embeddable":true,"href":"https:\/\/vinasfm.com\/noticias\/wp-json\/wp\/v2\/comments?post=150148"}],"version-history":[{"count":2,"href":"https:\/\/vinasfm.com\/noticias\/wp-json\/wp\/v2\/posts\/150148\/revisions"}],"predecessor-version":[{"id":150151,"href":"https:\/\/vinasfm.com\/noticias\/wp-json\/wp\/v2\/posts\/150148\/revisions\/150151"}],"wp:featuredmedia":[{"embeddable":true,"href":"https:\/\/vinasfm.com\/noticias\/wp-json\/wp\/v2\/media\/150149"}],"wp:attachment":[{"href":"https:\/\/vinasfm.com\/noticias\/wp-json\/wp\/v2\/media?parent=150148"}],"wp:term":[{"taxonomy":"category","embeddable":true,"href":"https:\/\/vinasfm.com\/noticias\/wp-json\/wp\/v2\/categories?post=150148"},{"taxonomy":"post_tag","embeddable":true,"href":"https:\/\/vinasfm.com\/noticias\/wp-json\/wp\/v2\/tags?post=150148"}],"curies":[{"name":"wp","href":"https:\/\/api.w.org\/{rel}","templated":true}]}}