{"id":150095,"date":"2025-06-26T12:26:08","date_gmt":"2025-06-26T15:26:08","guid":{"rendered":"https:\/\/vinasfm.com\/noticias\/?p=150095"},"modified":"2025-06-27T11:44:53","modified_gmt":"2025-06-27T14:44:53","slug":"reestructuracion-del-estado-el-intendente-se-refirio-al-futuro-de-los-servicios-publicos-en-general-alvear","status":"publish","type":"post","link":"https:\/\/vinasfm.com\/noticias\/reestructuracion-del-estado-el-intendente-se-refirio-al-futuro-de-los-servicios-publicos-en-general-alvear\/","title":{"rendered":"REESTRUCTURACI\u00d3N DEL ESTADO: EL INTENDENTE SE REFIRI\u00d3 AL FUTURO DE LOS SERVICIOS P\u00daBLICOS EN GENERAL ALVEAR"},"content":{"rendered":"<h4>Frente a la preocupaci\u00f3n generada en la comunidad por versiones sobre posibles cierres de sucursales del Banco Naci\u00f3n en distintas provincias, el intendente Alejandro Molero aclar\u00f3 la situaci\u00f3n y llev\u00f3 tranquilidad a los vecinos alvearenses.<\/h4>\n<p>En di\u00e1logo con <strong><span style=\"color: #800080;\">FM VI\u00d1AS<\/span><\/strong> el <span style=\"color: #800080;\"><em><strong>jefe comunal<\/strong><\/em><\/span> sostuvo: &#8216;<em><strong>tomamos conocimiento de esta situaci\u00f3n como la mayor\u00eda de los ciudadanos, a trav\u00e9s de redes sociales y por la inquietud de vecinos y trabajadores del banco que manifestaron su preocupaci\u00f3n ante una supuesta pol\u00edtica de achicamiento y una posible transformaci\u00f3n del Banco Naci\u00f3n en una sociedad an\u00f3nima&#8217;<\/strong><\/em> explic\u00f3.<\/p>\n<p>El intendente detall\u00f3 que, tras realizar consultas y reuniones con autoridades bancarias y representantes sindicales, se confirm\u00f3 que <strong data-start=\"898\" data-end=\"980\"><span style=\"color: #ff0000;\">la provincia de Mendoza no ser\u00e1 alcanzada por este proceso<\/span> <\/strong>de reestructuraci\u00f3n.<\/p>\n<p><em><strong>\u201cNos han transmitido que Mendoza no est\u00e1 incluida en esta primera etapa de ajuste, las sucursales de nuestro departamento, tanto la de Bowen como la de la ciudad de General Alvear, no corren riesgo de cierre\u201d<\/strong><\/em>, se\u00f1al\u00f3.<\/p>\n<p>Ambas sucursales funcionan en edificios propios del banco, lo que reduce significativamente los costos operativos y representa un aliciente a la continuidad de sus servicios en el departamento.<\/p>\n<p>Consultado por su opini\u00f3n sobre la actual pol\u00edtica nacional de recorte de organismos estatales y programas como el <strong><span style=\"color: #666699;\">INTA<\/span><\/strong> o el <strong><span style=\"color: #666699;\">Correo Argentino<\/span><\/strong>, el intendente fue claro: <strong data-start=\"1826\" data-end=\"1964\">\u201cel Estado debe ser eficiente y eficaz, no puede ser un Estado bobo, ni un elefante que genere m\u00e1s cargas a la vida de los ciudadanos\u201d<\/strong>, remarco.<\/p>\n<p>Sin embargo, advirti\u00f3 que la reducci\u00f3n no debe afectar \u00e1reas estrat\u00e9gicas para la producci\u00f3n y el desarrollo local. En este sentido, puso como ejemplo al<strong><span style=\"color: #666699;\"> INTA<\/span><\/strong>: <em><strong>\u201cno podemos permitir que se afecte la tarea de extensi\u00f3n, el trabajo territorial, la transferencia de conocimiento o la investigaci\u00f3n que ha permitido adaptar cultivos a nuestra zona, el INTA ha sido clave en la evoluci\u00f3n productiva de nuestra regi\u00f3n\u201d<\/strong><\/em>.<\/p>\n<p>Alejandro Molero mencion\u00f3 que el cierre temporario de la aduana local ya est\u00e1 siendo revisado, dado el impacto negativo que podr\u00eda tener en las inversiones industriales en el departamento. <em><strong>&#8216;hace 15 d\u00edas que no hay resguardo aduanero en Alvear, pero entendemos que es una medida circunstancial y no definitiva&#8217;<\/strong><\/em>, afirm\u00f3.<\/p>\n<p>A pesar del contexto de ajustes, el intendente tambi\u00e9n destac\u00f3 avances positivos ya que Mendoza ha sido designada como la nueva sede regional del Senasa para toda la regi\u00f3n del Nuevo Cuyo, que incluye a <strong><span style=\"color: #ff0000;\">San Juan<\/span><\/strong>, <strong><span style=\"color: #ff0000;\">San Luis<\/span><\/strong>,<strong><span style=\"color: #ff0000;\"> La Rioja<\/span><\/strong> y la propia<strong><span style=\"color: #ff0000;\"> Mendoza<\/span><\/strong>.<\/p>\n<p>Con esta nueva organizaci\u00f3n, se busca agilizar y facilitar los tr\u00e1mites para productores e industriales, favoreciendo la competitividad de la provincia en el contexto nacional.<\/p>\n<p>&nbsp;<\/p>\n","protected":false},"excerpt":{"rendered":"<p>Frente a la preocupaci\u00f3n generada en la comunidad por versiones sobre posibles cierres de sucursales del Banco Naci\u00f3n en distintas provincias, &#8230;<\/p>\n","protected":false},"author":7,"featured_media":150098,"comment_status":"open","ping_status":"open","sticky":false,"template":"","format":"standard","meta":{"footnotes":""},"categories":[5,7],"tags":[],"class_list":["post-150095","post","type-post","status-publish","format-standard","has-post-thumbnail","hentry","category-actualidad","category-politica"],"_links":{"self":[{"href":"https:\/\/vinasfm.com\/noticias\/wp-json\/wp\/v2\/posts\/150095","targetHints":{"allow":["GET"]}}],"collection":[{"href":"https:\/\/vinasfm.com\/noticias\/wp-json\/wp\/v2\/posts"}],"about":[{"href":"https:\/\/vinasfm.com\/noticias\/wp-json\/wp\/v2\/types\/post"}],"author":[{"embeddable":true,"href":"https:\/\/vinasfm.com\/noticias\/wp-json\/wp\/v2\/users\/7"}],"replies":[{"embeddable":true,"href":"https:\/\/vinasfm.com\/noticias\/wp-json\/wp\/v2\/comments?post=150095"}],"version-history":[{"count":2,"href":"https:\/\/vinasfm.com\/noticias\/wp-json\/wp\/v2\/posts\/150095\/revisions"}],"predecessor-version":[{"id":150116,"href":"https:\/\/vinasfm.com\/noticias\/wp-json\/wp\/v2\/posts\/150095\/revisions\/150116"}],"wp:featuredmedia":[{"embeddable":true,"href":"https:\/\/vinasfm.com\/noticias\/wp-json\/wp\/v2\/media\/150098"}],"wp:attachment":[{"href":"https:\/\/vinasfm.com\/noticias\/wp-json\/wp\/v2\/media?parent=150095"}],"wp:term":[{"taxonomy":"category","embeddable":true,"href":"https:\/\/vinasfm.com\/noticias\/wp-json\/wp\/v2\/categories?post=150095"},{"taxonomy":"post_tag","embeddable":true,"href":"https:\/\/vinasfm.com\/noticias\/wp-json\/wp\/v2\/tags?post=150095"}],"curies":[{"name":"wp","href":"https:\/\/api.w.org\/{rel}","templated":true}]}}