{"id":150092,"date":"2025-06-26T12:10:00","date_gmt":"2025-06-26T15:10:00","guid":{"rendered":"https:\/\/vinasfm.com\/noticias\/?p=150092"},"modified":"2025-06-27T11:45:14","modified_gmt":"2025-06-27T14:45:14","slug":"escribir-para-sanar-julieta-gil-presenta-en-tortuga-y-patineta","status":"publish","type":"post","link":"https:\/\/vinasfm.com\/noticias\/escribir-para-sanar-julieta-gil-presenta-en-tortuga-y-patineta\/","title":{"rendered":"ESCRIBIR PARA SANAR: JULIETA GIL PRESENTA \u00abEN TORTUGA Y PATINETA\u00bb"},"content":{"rendered":"<h4 data-start=\"99\" data-end=\"533\"><strong><span style=\"color: #003300;\">Con el alma expuesta en cada palabra, la escritora Julieta Gil invita a la comunidad a la presentaci\u00f3n de su libro <em data-start=\"239\" data-end=\"264\">\u201cEn Tortuga y Patineta\u201d<\/em>, que se llevar\u00e1 a cabo este viernes 27 de junio a las 20:30 horas en Casa Salonia. No se trata solo una publicaci\u00f3n literaria, este libro representa un viaje \u00edntimo y profundo de sanaci\u00f3n, escrito desde las entra\u00f1as del duelo m\u00e1s desgarrador: la p\u00e9rdida de una hija.<\/span><\/strong><\/h4>\n<p data-start=\"535\" data-end=\"834\"><strong><em>\u201cEste es un libro que me cost\u00f3 much\u00edsimo tiempo y dolor. Lo empec\u00e9 hace tres a\u00f1os, cuando mi hija parti\u00f3, un 27 de junio. Escribirlo fue mi terapia, mi refugio, mi forma de buscar luz en la oscuridad m\u00e1s densa\u201d<\/em><\/strong>, confes\u00f3 Julieta, con una mezcla de temblor y fuerza en la voz, en di\u00e1logo con <span style=\"color: #800080;\"><strong>FM VI\u00d1AS<\/strong><\/span>.<\/p>\n<p data-start=\"836\" data-end=\"1263\">Editado por <span style=\"color: #003366;\"><strong data-start=\"848\" data-end=\"863\">Omar Gait\u00e1n<\/strong><\/span>, de la Editorial Adulam, el libro no solo recoge poemas y pensamientos, sino tambi\u00e9n un proceso emocional y espiritual que ayud\u00f3 a la autora a <strong data-start=\"1027\" data-end=\"1062\">sanar, perdonar y reconstruirse<\/strong>. <strong><em>\u201c\u00c9l ley\u00f3 cada palabra y me ayud\u00f3 a transformarme en una mejor persona. Mi deseo es que este libro tambi\u00e9n pueda ayudar a otros, especialmente a quienes hayan atravesado una p\u00e9rdida similar\u201d<\/em><\/strong>, expres\u00f3 conmovida.<\/p>\n<p data-start=\"1265\" data-end=\"1748\">Julieta no oculta el dolor. En su proceso de sanaci\u00f3n no promete f\u00f3rmulas m\u00e1gicas ni finales felices, pero en sus palabras s\u00ed ofrece algo valioso: su experiencia, su vulnerabilidad y su mensaje de esperanza. <strong><em>\u201cNo les voy a mentir. La muerte de un hijo no se supera. Pero se aprende a sobrellevar el dolor, y hay herramientas. Yo encontr\u00e9 las m\u00edas entre la fe, la escritura y la psicoterapia. Y hoy estoy de pie, con fuerza y ganas, y con la certeza de que mi testimonio puede ayudar a alguien m\u00e1s\u201d<\/em><\/strong>, manifest\u00f3 a coraz\u00f3n abierto en di\u00e1logo con<span style=\"color: #800080;\"><strong> FM VI\u00d1AS<\/strong><\/span>.<\/p>\n<p data-start=\"1750\" data-end=\"2048\">El t\u00edtulo del libro, <em data-start=\"1771\" data-end=\"1796\">\u201cEn Tortuga y Patineta\u201d<\/em>, nace de una frase cargada de ternura y recuerdos compartidos entre su hija y una t\u00eda muy querida: <em><strong>\u201cCuando se desped\u00edan, se dec\u00edan \u2018t\u00eda, te amo hasta la luna y de vuelta, en tortuga y patineta\u2019. Ese amor, esa inocencia, est\u00e1n presentes en cada p\u00e1gina\u201d.<\/strong><\/em><\/p>\n<p data-start=\"2050\" data-end=\"2379\">El libro ya tuvo una primera presentaci\u00f3n en Buenos Aires, pero la autora vivir\u00e1 este jueves un momento especial, compartiendo por primera vez en su tierra natal este proyecto que naci\u00f3 del dolor, pero florece con un prop\u00f3sito: <strong data-start=\"2278\" data-end=\"2378\">evangelizar, acompa\u00f1ar y tender una mano a quienes a\u00fan buscan respuestas en medio de la ausencia<\/strong>.<\/p>\n<p data-start=\"2381\" data-end=\"2630\"><em><strong>\u201cInvit\u00e9 personalmente a muchas mam\u00e1s. Porque s\u00e9 lo que duele, s\u00e9 lo que pesa. Pero tambi\u00e9n s\u00e9 que se puede encontrar luz. Si mi historia sirve para que alguien no elija la depresi\u00f3n o el abandono, entonces todo esto vali\u00f3 la pena\u201d<\/strong><\/em>, concluy\u00f3 Julieta.<\/p>\n<p data-start=\"2632\" data-end=\"2733\" data-is-last-node=\"\" data-is-only-node=\"\">La cita es abierta a todo p\u00fablico y ser\u00e1 el cierre de las actividades propuestas por la comuna en el marco del Mes del Escritor.<\/p>\n","protected":false},"excerpt":{"rendered":"<p>Con el alma expuesta en cada palabra, la escritora Julieta Gil invita a la comunidad a la presentaci\u00f3n de su libro &#8230;<\/p>\n","protected":false},"author":7,"featured_media":150094,"comment_status":"open","ping_status":"open","sticky":false,"template":"","format":"standard","meta":{"footnotes":""},"categories":[5,19],"tags":[],"class_list":["post-150092","post","type-post","status-publish","format-standard","has-post-thumbnail","hentry","category-actualidad","category-cultura"],"_links":{"self":[{"href":"https:\/\/vinasfm.com\/noticias\/wp-json\/wp\/v2\/posts\/150092","targetHints":{"allow":["GET"]}}],"collection":[{"href":"https:\/\/vinasfm.com\/noticias\/wp-json\/wp\/v2\/posts"}],"about":[{"href":"https:\/\/vinasfm.com\/noticias\/wp-json\/wp\/v2\/types\/post"}],"author":[{"embeddable":true,"href":"https:\/\/vinasfm.com\/noticias\/wp-json\/wp\/v2\/users\/7"}],"replies":[{"embeddable":true,"href":"https:\/\/vinasfm.com\/noticias\/wp-json\/wp\/v2\/comments?post=150092"}],"version-history":[{"count":3,"href":"https:\/\/vinasfm.com\/noticias\/wp-json\/wp\/v2\/posts\/150092\/revisions"}],"predecessor-version":[{"id":150104,"href":"https:\/\/vinasfm.com\/noticias\/wp-json\/wp\/v2\/posts\/150092\/revisions\/150104"}],"wp:featuredmedia":[{"embeddable":true,"href":"https:\/\/vinasfm.com\/noticias\/wp-json\/wp\/v2\/media\/150094"}],"wp:attachment":[{"href":"https:\/\/vinasfm.com\/noticias\/wp-json\/wp\/v2\/media?parent=150092"}],"wp:term":[{"taxonomy":"category","embeddable":true,"href":"https:\/\/vinasfm.com\/noticias\/wp-json\/wp\/v2\/categories?post=150092"},{"taxonomy":"post_tag","embeddable":true,"href":"https:\/\/vinasfm.com\/noticias\/wp-json\/wp\/v2\/tags?post=150092"}],"curies":[{"name":"wp","href":"https:\/\/api.w.org\/{rel}","templated":true}]}}