{"id":150084,"date":"2025-06-26T11:43:16","date_gmt":"2025-06-26T14:43:16","guid":{"rendered":"https:\/\/vinasfm.com\/noticias\/?p=150084"},"modified":"2025-06-27T11:45:48","modified_gmt":"2025-06-27T14:45:48","slug":"bowen-renovo-por-completo-la-luminaria-de-su-plaza-distrital-con-tecnologia-led","status":"publish","type":"post","link":"https:\/\/vinasfm.com\/noticias\/bowen-renovo-por-completo-la-luminaria-de-su-plaza-distrital-con-tecnologia-led\/","title":{"rendered":"BOWEN RENOV\u00d3 POR COMPLETO LA LUMINARIA DE SU PLAZA DISTRITAL CON TECNOLOG\u00cdA LED"},"content":{"rendered":"<h4><strong><span style=\"color: #003300;\">El distrito de Bowen contin\u00faa avanzando en obras que mejoran la calidad de vida de sus vecinos. En esta ocasi\u00f3n, se concret\u00f3 la renovaci\u00f3n total del sistema de iluminaci\u00f3n de la plaza principal, con la instalaci\u00f3n de 48 luminarias LED que brindan mayor seguridad, eficiencia energ\u00e9tica y una mejor experiencia para quienes disfrutan del espacio p\u00fablico.<\/span><\/strong><\/h4>\n<p>El <em>delegado distrita<\/em>l, <span style=\"color: #000080;\"><strong>Luis Gergeluk<\/strong><\/span>, destac\u00f3 la magnitud del trabajo realizado y remarc\u00f3 que se trat\u00f3 de un pedido concreto de los vecinos y del propio intendente municipal.<strong><em> \u201cEs un trabajo intenso, muy esperado por todos los vecinos del distrito. Un pedido que lleg\u00f3 desde el Intendente y que hoy est\u00e1 concretado. Es un reconocimiento de lo que se ha logrado con la renovaci\u00f3n en su totalidad de la luminaria de toda la plaza distrital\u201d<\/em><\/strong>, afirm\u00f3.<\/p>\n<p>La intervenci\u00f3n forma parte de un plan m\u00e1s amplio de renovaci\u00f3n de luminarias en el distrito. En ese sentido, <strong>Gergeluk adelant\u00f3 que pr\u00f3ximamente se instalar\u00e1n otras 25 luminarias en el boulevard, complementando la mejora general de la infraestructura urbana de la zona.<\/strong><\/p>\n<p><a href=\"https:\/\/vinasfm.com\/noticias\/wp-content\/uploads\/2025\/06\/IMG-20250626-WA0051.jpg\"><img loading=\"lazy\" decoding=\"async\" class=\"alignnone wp-image-150088\" src=\"https:\/\/vinasfm.com\/noticias\/wp-content\/uploads\/2025\/06\/IMG-20250626-WA0051-1024x576.jpg\" alt=\"\" width=\"350\" height=\"197\" srcset=\"https:\/\/vinasfm.com\/noticias\/wp-content\/uploads\/2025\/06\/IMG-20250626-WA0051-1024x576.jpg 1024w, https:\/\/vinasfm.com\/noticias\/wp-content\/uploads\/2025\/06\/IMG-20250626-WA0051-300x169.jpg 300w, https:\/\/vinasfm.com\/noticias\/wp-content\/uploads\/2025\/06\/IMG-20250626-WA0051-768x432.jpg 768w, https:\/\/vinasfm.com\/noticias\/wp-content\/uploads\/2025\/06\/IMG-20250626-WA0051-1536x864.jpg 1536w, https:\/\/vinasfm.com\/noticias\/wp-content\/uploads\/2025\/06\/IMG-20250626-WA0051-750x420.jpg 750w, https:\/\/vinasfm.com\/noticias\/wp-content\/uploads\/2025\/06\/IMG-20250626-WA0051-1140x641.jpg 1140w, https:\/\/vinasfm.com\/noticias\/wp-content\/uploads\/2025\/06\/IMG-20250626-WA0051.jpg 1600w\" sizes=\"auto, (max-width: 350px) 100vw, 350px\" \/><\/a> <a href=\"https:\/\/vinasfm.com\/noticias\/wp-content\/uploads\/2025\/06\/IMG-20250626-WA0052.jpg\"><img loading=\"lazy\" decoding=\"async\" class=\"alignnone wp-image-150087\" src=\"https:\/\/vinasfm.com\/noticias\/wp-content\/uploads\/2025\/06\/IMG-20250626-WA0052.jpg\" alt=\"\" width=\"350\" height=\"197\" srcset=\"https:\/\/vinasfm.com\/noticias\/wp-content\/uploads\/2025\/06\/IMG-20250626-WA0052.jpg 1600w, https:\/\/vinasfm.com\/noticias\/wp-content\/uploads\/2025\/06\/IMG-20250626-WA0052-300x169.jpg 300w, https:\/\/vinasfm.com\/noticias\/wp-content\/uploads\/2025\/06\/IMG-20250626-WA0052-1024x576.jpg 1024w, https:\/\/vinasfm.com\/noticias\/wp-content\/uploads\/2025\/06\/IMG-20250626-WA0052-768x432.jpg 768w, https:\/\/vinasfm.com\/noticias\/wp-content\/uploads\/2025\/06\/IMG-20250626-WA0052-1536x864.jpg 1536w, https:\/\/vinasfm.com\/noticias\/wp-content\/uploads\/2025\/06\/IMG-20250626-WA0052-750x420.jpg 750w, https:\/\/vinasfm.com\/noticias\/wp-content\/uploads\/2025\/06\/IMG-20250626-WA0052-1140x641.jpg 1140w\" sizes=\"auto, (max-width: 350px) 100vw, 350px\" \/><\/a><\/p>\n<p>Adem\u00e1s de la nueva iluminaci\u00f3n, se realizaron importantes trabajos en el sector de juegos de la plaza, muchos de los cuales no hab\u00edan sido renovados en m\u00e1s de 30 a\u00f1os. <em><strong>\u201cVenimos trabajando desde hace un tiempo en la plaza, con mejoras en todo lo que respecta a juegos, algo tambi\u00e9n muy pedido por los vecinos. Los nuevos juegos han sido muy bien recibidos y, a pesar del fr\u00edo, muchas familias los disfrutan cada d\u00eda\u201d<\/strong><\/em>, coment\u00f3 el delegado.<\/p>\n<p>Uno de los principales reclamos de la comunidad era la oscuridad en varios sectores de la plaza, lo que generaba inseguridad e incomodidad para quienes concurr\u00edan al espacio durante la noche. Con las nuevas luminarias LED, la plaza cuenta ahora con iluminaci\u00f3n completa, lo que representa una mejora significativa para su uso recreativo, tanto de d\u00eda como de noche.<\/p>\n<p><a href=\"https:\/\/vinasfm.com\/noticias\/wp-content\/uploads\/2025\/06\/IMG-20250626-WA0053.jpg\"><img loading=\"lazy\" decoding=\"async\" class=\"alignnone wp-image-150086\" src=\"https:\/\/vinasfm.com\/noticias\/wp-content\/uploads\/2025\/06\/IMG-20250626-WA0053-1024x576.jpg\" alt=\"\" width=\"350\" height=\"197\" srcset=\"https:\/\/vinasfm.com\/noticias\/wp-content\/uploads\/2025\/06\/IMG-20250626-WA0053-1024x576.jpg 1024w, https:\/\/vinasfm.com\/noticias\/wp-content\/uploads\/2025\/06\/IMG-20250626-WA0053-300x169.jpg 300w, https:\/\/vinasfm.com\/noticias\/wp-content\/uploads\/2025\/06\/IMG-20250626-WA0053-768x432.jpg 768w, https:\/\/vinasfm.com\/noticias\/wp-content\/uploads\/2025\/06\/IMG-20250626-WA0053-1536x864.jpg 1536w, https:\/\/vinasfm.com\/noticias\/wp-content\/uploads\/2025\/06\/IMG-20250626-WA0053-750x420.jpg 750w, https:\/\/vinasfm.com\/noticias\/wp-content\/uploads\/2025\/06\/IMG-20250626-WA0053-1140x641.jpg 1140w, https:\/\/vinasfm.com\/noticias\/wp-content\/uploads\/2025\/06\/IMG-20250626-WA0053.jpg 1600w\" sizes=\"auto, (max-width: 350px) 100vw, 350px\" \/><\/a> <a href=\"https:\/\/vinasfm.com\/noticias\/wp-content\/uploads\/2025\/06\/IMG-20250626-WA0054.jpg\"><img loading=\"lazy\" decoding=\"async\" class=\"alignnone wp-image-150085\" src=\"https:\/\/vinasfm.com\/noticias\/wp-content\/uploads\/2025\/06\/IMG-20250626-WA0054-1024x576.jpg\" alt=\"\" width=\"350\" height=\"197\" srcset=\"https:\/\/vinasfm.com\/noticias\/wp-content\/uploads\/2025\/06\/IMG-20250626-WA0054-1024x576.jpg 1024w, https:\/\/vinasfm.com\/noticias\/wp-content\/uploads\/2025\/06\/IMG-20250626-WA0054-300x169.jpg 300w, https:\/\/vinasfm.com\/noticias\/wp-content\/uploads\/2025\/06\/IMG-20250626-WA0054-768x432.jpg 768w, https:\/\/vinasfm.com\/noticias\/wp-content\/uploads\/2025\/06\/IMG-20250626-WA0054-1536x864.jpg 1536w, https:\/\/vinasfm.com\/noticias\/wp-content\/uploads\/2025\/06\/IMG-20250626-WA0054-750x420.jpg 750w, https:\/\/vinasfm.com\/noticias\/wp-content\/uploads\/2025\/06\/IMG-20250626-WA0054-1140x641.jpg 1140w, https:\/\/vinasfm.com\/noticias\/wp-content\/uploads\/2025\/06\/IMG-20250626-WA0054.jpg 1600w\" sizes=\"auto, (max-width: 350px) 100vw, 350px\" \/><\/a><\/p>\n<p><strong><em>\u201cHoy la plaza est\u00e1 totalmente iluminada, con una seguridad total para los j\u00f3venes y adultos que quieran disfrutarla\u201d<\/em><\/strong>, se\u00f1al\u00f3 Gergeluk. Tambi\u00e9n agradeci\u00f3 especialmente a la cooperativa local y a Horacio Sarsotti por su participaci\u00f3n activa en el proyecto: \u201c<em><strong>La cooperativa fue fundamental en este cambio. Agradezco a Horacio Sarsotti por colaborar y participar en este pedido. Muy agradecido con la cooperativa, y esperamos seguir trabajando en conjunto\u201d.<\/strong><\/em><\/p>\n<p>La obra forma parte del compromiso de la gesti\u00f3n municipal de fortalecer los espacios p\u00fablicos, mejorar la seguridad y promover entornos m\u00e1s accesibles y sostenibles para toda la comunidad.<\/p>\n","protected":false},"excerpt":{"rendered":"<p>El distrito de Bowen contin\u00faa avanzando en obras que mejoran la calidad de vida de sus vecinos. En esta ocasi\u00f3n, se &#8230;<\/p>\n","protected":false},"author":7,"featured_media":150090,"comment_status":"open","ping_status":"open","sticky":false,"template":"","format":"standard","meta":{"footnotes":""},"categories":[5,29],"tags":[],"class_list":["post-150084","post","type-post","status-publish","format-standard","has-post-thumbnail","hentry","category-actualidad","category-obras-y-servicios"],"_links":{"self":[{"href":"https:\/\/vinasfm.com\/noticias\/wp-json\/wp\/v2\/posts\/150084","targetHints":{"allow":["GET"]}}],"collection":[{"href":"https:\/\/vinasfm.com\/noticias\/wp-json\/wp\/v2\/posts"}],"about":[{"href":"https:\/\/vinasfm.com\/noticias\/wp-json\/wp\/v2\/types\/post"}],"author":[{"embeddable":true,"href":"https:\/\/vinasfm.com\/noticias\/wp-json\/wp\/v2\/users\/7"}],"replies":[{"embeddable":true,"href":"https:\/\/vinasfm.com\/noticias\/wp-json\/wp\/v2\/comments?post=150084"}],"version-history":[{"count":2,"href":"https:\/\/vinasfm.com\/noticias\/wp-json\/wp\/v2\/posts\/150084\/revisions"}],"predecessor-version":[{"id":150091,"href":"https:\/\/vinasfm.com\/noticias\/wp-json\/wp\/v2\/posts\/150084\/revisions\/150091"}],"wp:featuredmedia":[{"embeddable":true,"href":"https:\/\/vinasfm.com\/noticias\/wp-json\/wp\/v2\/media\/150090"}],"wp:attachment":[{"href":"https:\/\/vinasfm.com\/noticias\/wp-json\/wp\/v2\/media?parent=150084"}],"wp:term":[{"taxonomy":"category","embeddable":true,"href":"https:\/\/vinasfm.com\/noticias\/wp-json\/wp\/v2\/categories?post=150084"},{"taxonomy":"post_tag","embeddable":true,"href":"https:\/\/vinasfm.com\/noticias\/wp-json\/wp\/v2\/tags?post=150084"}],"curies":[{"name":"wp","href":"https:\/\/api.w.org\/{rel}","templated":true}]}}