{"id":150077,"date":"2025-06-26T11:20:13","date_gmt":"2025-06-26T14:20:13","guid":{"rendered":"https:\/\/vinasfm.com\/noticias\/?p=150077"},"modified":"2025-06-27T11:46:07","modified_gmt":"2025-06-27T14:46:07","slug":"alumnos-de-la-escuela-de-agricultura-presentaron-una-propuesta-ambiental-en-la-banca-del-ciudadano","status":"publish","type":"post","link":"https:\/\/vinasfm.com\/noticias\/alumnos-de-la-escuela-de-agricultura-presentaron-una-propuesta-ambiental-en-la-banca-del-ciudadano\/","title":{"rendered":"ALUMNOS DE LA ESCUELA DE AGRICULTURA PRESENTARON UNA PROPUESTA AMBIENTAL EN LA BANCA DEL CIUDADANO"},"content":{"rendered":"<h4 data-start=\"104\" data-end=\"449\"><strong><span style=\"color: #003300;\">Un grupo de estudiantes de la Escuela de Agricultura hizo uso este jueves de la Banca del Ciudadano en el Honorable Concejo Deliberante para presentar una propuesta ambiental de alcance departamental, fruto del trabajo que vienen desarrollando dentro del Programa de Sostenibilidad Institucional.<\/span><\/strong><\/h4>\n<p data-start=\"451\" data-end=\"787\">La <em>vicedirectora a cargo de la instituci\u00f3n,<\/em><strong data-start=\"454\" data-end=\"512\"> <span style=\"color: #003366;\">Daniela L\u00f3pez<\/span><\/strong>, dialog\u00f3 con <span style=\"color: #800080;\"><strong>FM VI\u00d1AS<\/strong><\/span> y explic\u00f3 que esta iniciativa nace en el marco del programa implementado en la escuela desde el a\u00f1o pasado, en consonancia con las pol\u00edticas ambientales de la <strong>Universidad Nacional de Cuyo<\/strong> y la legislaci\u00f3n nacional en materia de <strong data-start=\"763\" data-end=\"786\">educaci\u00f3n ambiental<\/strong>.<\/p>\n<p data-start=\"789\" data-end=\"969\"><strong><em>\u201cLos chicos vienen participando activamente y hoy llevan su propuesta m\u00e1s all\u00e1 de las paredes de la escuela, con la intenci\u00f3n de<\/em> extenderla a toda la comunidad alvearense\u201d<\/strong>, destac\u00f3 L\u00f3pez.<\/p>\n<p data-start=\"971\" data-end=\"1042\">La propuesta estudiantil se basa en <strong data-start=\"1007\" data-end=\"1041\">dos ejes de acci\u00f3n principales<\/strong>:<\/p>\n<ol data-start=\"1044\" data-end=\"1613\">\n<li data-start=\"1044\" data-end=\"1283\">\n<p data-start=\"1047\" data-end=\"1283\"><strong data-start=\"1047\" data-end=\"1079\">Establecer la obligatoriedad<\/strong>, a nivel departamental, de la <strong data-start=\"1110\" data-end=\"1136\">separaci\u00f3n de residuos<\/strong> (inorg\u00e1nicos limpios, inorg\u00e1nicos sucios y org\u00e1nicos) en <strong data-start=\"1194\" data-end=\"1282\">todas las instituciones p\u00fablicas, organismos estatales y establecimientos educativos<\/strong>.<\/p>\n<\/li>\n<li data-start=\"1288\" data-end=\"1613\">\n<p data-start=\"1291\" data-end=\"1613\">Solicitar al <strong data-start=\"1304\" data-end=\"1346\">municipio que acompa\u00f1e eventos masivos<\/strong> \u2013educativos, culturales, vendimias, ferias\u2013 con <strong data-start=\"1395\" data-end=\"1459\">contenedores m\u00f3viles para la correcta separaci\u00f3n de residuos<\/strong>, algo que, seg\u00fan los estudiantes, se vuelve muy dif\u00edcil de implementar sin apoyo log\u00edstico, como ocurre en eventos como las <strong data-start=\"1584\" data-end=\"1612\">Olimp\u00edadas de la Escuela<\/strong>.<\/p>\n<\/li>\n<\/ol>\n<p data-start=\"1615\" data-end=\"1824\"><strong><em>\u201cEsto no es m\u00e1s que la<\/em> ampliaci\u00f3n de un proyecto que comenz\u00f3 con las Ecolimpiadas. Empezamos con una idea peque\u00f1a y hoy estamos proyectando una acci\u00f3n concreta para toda la comunidad\u201d<\/strong>, agreg\u00f3 la directiva.<\/p>\n<p data-start=\"1826\" data-end=\"2127\">Desde la escuela destacaron la importancia de <strong data-start=\"1872\" data-end=\"1911\">fomentar la participaci\u00f3n ciudadana<\/strong> desde edades tempranas: \u201cLa Banca del Ciudadano es una herramienta valiosa y como escuela tenemos la responsabilidad de acompa\u00f1ar a nuestros estudiantes en su formaci\u00f3n como ciudadanos comprometidos\u201d, expres\u00f3 L\u00f3pez.<\/p>\n<p data-start=\"2129\" data-end=\"2396\" data-is-last-node=\"\" data-is-only-node=\"\">Por \u00faltimo, record\u00f3 que se aproxima una nueva edici\u00f3n de la <strong data-start=\"2189\" data-end=\"2212\">Feria del Chacinado<\/strong>, programada para el pr\u00f3ximo 4 de julio, evento que contar\u00e1 con la participaci\u00f3n de artesanos, productores y toda la comunidad educativa, en el marco de este esp\u00edritu de integraci\u00f3n, aprendizaje y compromiso con el entorno.<\/p>\n<div style=\"width: 550px\" class=\"wp-caption aligncenter\"><img loading=\"lazy\" decoding=\"async\" src=\"https:\/\/scontent.fmdz4-1.fna.fbcdn.net\/v\/t39.30808-6\/504216570_1159129459352709_284306148468871250_n.jpg?_nc_cat=105&amp;ccb=1-7&amp;_nc_sid=127cfc&amp;_nc_eui2=AeEIsG8v8hHLj02gD3ShdnZ3cf2Td5GPaLZx_ZN3kY9otv86cQDBiaPYoyfsyJXrKUM0EccT136Yuj17icB-CrAT&amp;_nc_ohc=gY3KNvWVVIMQ7kNvwH76oDM&amp;_nc_oc=Adkw4y9A86EvNDRwSD03mS72T1S2VPDUftkZrl5BYjPPL87n3iEBnDkFdo6CknLpX6I&amp;_nc_zt=23&amp;_nc_ht=scontent.fmdz4-1.fna&amp;_nc_gid=BPlzaIowt2LQKB1NEDL9qg&amp;oh=00_AfP8QJINtAONTNVs9F_R2-LWiDU8NVvGISM5nXxzC3QysQ&amp;oe=686307FC\" alt=\"Puede ser una imagen de texto que dice &quot;El Equipo Directivo de la Escuela de Agricultura tiene el agrado de invitarlo a participar de la XXIII Feria del Productor Artesanal, que se celebrar\u00e1 el elo 04 de julio en el edificio escolar. Apertura de la muestra: 19 h. Acto inaugural: 20: 20:30 h. \u00a1Esperamos contar con Su presencia! OEA U ARCEN 1 UNCUYO UNIVERSIDAD NACIONAL DE CUYO ESCUELA DE AGRICULTURA GENERAL ALVEAR -ORR&quot;\" width=\"550\" height=\"550\" \/><p class=\"wp-caption-text\">. &#x23f0; , . : , .<\/p><\/div>\n","protected":false},"excerpt":{"rendered":"<p>Un grupo de estudiantes de la Escuela de Agricultura hizo uso este jueves de la Banca del Ciudadano en el Honorable &#8230;<\/p>\n","protected":false},"author":7,"featured_media":150078,"comment_status":"open","ping_status":"open","sticky":false,"template":"","format":"standard","meta":{"footnotes":""},"categories":[5,18],"tags":[],"class_list":["post-150077","post","type-post","status-publish","format-standard","has-post-thumbnail","hentry","category-actualidad","category-educacion"],"_links":{"self":[{"href":"https:\/\/vinasfm.com\/noticias\/wp-json\/wp\/v2\/posts\/150077","targetHints":{"allow":["GET"]}}],"collection":[{"href":"https:\/\/vinasfm.com\/noticias\/wp-json\/wp\/v2\/posts"}],"about":[{"href":"https:\/\/vinasfm.com\/noticias\/wp-json\/wp\/v2\/types\/post"}],"author":[{"embeddable":true,"href":"https:\/\/vinasfm.com\/noticias\/wp-json\/wp\/v2\/users\/7"}],"replies":[{"embeddable":true,"href":"https:\/\/vinasfm.com\/noticias\/wp-json\/wp\/v2\/comments?post=150077"}],"version-history":[{"count":2,"href":"https:\/\/vinasfm.com\/noticias\/wp-json\/wp\/v2\/posts\/150077\/revisions"}],"predecessor-version":[{"id":150081,"href":"https:\/\/vinasfm.com\/noticias\/wp-json\/wp\/v2\/posts\/150077\/revisions\/150081"}],"wp:featuredmedia":[{"embeddable":true,"href":"https:\/\/vinasfm.com\/noticias\/wp-json\/wp\/v2\/media\/150078"}],"wp:attachment":[{"href":"https:\/\/vinasfm.com\/noticias\/wp-json\/wp\/v2\/media?parent=150077"}],"wp:term":[{"taxonomy":"category","embeddable":true,"href":"https:\/\/vinasfm.com\/noticias\/wp-json\/wp\/v2\/categories?post=150077"},{"taxonomy":"post_tag","embeddable":true,"href":"https:\/\/vinasfm.com\/noticias\/wp-json\/wp\/v2\/tags?post=150077"}],"curies":[{"name":"wp","href":"https:\/\/api.w.org\/{rel}","templated":true}]}}