{"id":150038,"date":"2025-06-25T11:33:37","date_gmt":"2025-06-25T14:33:37","guid":{"rendered":"https:\/\/vinasfm.com\/noticias\/?p=150038"},"modified":"2025-06-27T11:51:09","modified_gmt":"2025-06-27T14:51:09","slug":"didactica-de-la-astronomia-una-oportunidad-de-formacion-para-docentes-locales","status":"publish","type":"post","link":"https:\/\/vinasfm.com\/noticias\/didactica-de-la-astronomia-una-oportunidad-de-formacion-para-docentes-locales\/","title":{"rendered":"\u00abDID\u00c1CTICA DE LA ASTRONOM\u00cdA\u00bb: UNA OPORTUNIDAD DE FORMACI\u00d3N PARA DOCENTES LOCALES"},"content":{"rendered":"<p data-sourcepos=\"5:1-5:487\"><strong><span style=\"color: #003300;\">General Alvear ser\u00e1 sede de una importante capacitaci\u00f3n sobre <em>\u00abDid\u00e1ctica de la Astronom\u00eda<\/em>\u00ab, una propuesta gratuita y con puntaje docente que busca fortalecer la ense\u00f1anza de esta ciencia en la regi\u00f3n. La iniciativa, organizada por la Facultad de Ciencias Exactas y Naturales y la Escuela de Agricultura de la UNCUYO, cuenta con el acompa\u00f1amiento de la Direcci\u00f3n de Educaci\u00f3n de la Municipalidad.<\/span><\/strong><\/p>\n<p data-sourcepos=\"7:1-7:382\"><span style=\"color: #003366;\"><strong>Jos\u00e9 Mor\u00e1n<\/strong><\/span>, <em>Director de Educaci\u00f3n<\/em>, brind\u00f3 detalles sobre la propuesta, destacando su relevancia para el cuerpo docente local. <em><strong>\u00abEs una propuesta bastante interesante que llega al departamento y era muy pedida por los distintos docentes\u00bb<\/strong><\/em>, expres\u00f3 Mor\u00e1n, enfatizando el acompa\u00f1amiento municipal.<\/p>\n<p data-sourcepos=\"9:1-9:306\">La capacitaci\u00f3n, que ser\u00e1 dictada por la<span style=\"color: #003366;\"><strong> Dra. Beatriz Garc\u00eda<\/strong><\/span> \u2013reconocida astr\u00f3noma con amplia trayectoria, directora del CONICET y vinculada a proyectos internacionales de formaci\u00f3n en astronom\u00eda\u2013, se desarrollar\u00e1 a lo largo de cuatro encuentros. <strong>El primero de ellos tendr\u00e1 lugar este 27 y 28 de junio.<\/strong><\/p>\n<p data-sourcepos=\"11:1-11:394\">El profesor <strong><span style=\"color: #003366;\">Nicol\u00e1s Digiambatista<\/span><\/strong>,<em> de la Escuela de Agricultura<\/em> y uno de los encargados de la organizaci\u00f3n, profundiz\u00f3 en los contenidos y la modalidad de la capacitaci\u00f3n.<em><strong> \u00abEsta capacitaci\u00f3n se trata m\u00e1s que todo para formar a docentes en lo que es la educaci\u00f3n con respecto a la astronom\u00eda, un tema que hoy en d\u00eda ha tomado un nuevo refuerzo por parte de la universidad\u00bb<\/strong><\/em>, se\u00f1al\u00f3 Digiambatista.<\/p>\n<p data-sourcepos=\"13:1-13:132\">Los encuentros se dividir\u00e1n por tem\u00e1ticas, con sesiones los viernes por la tarde y los s\u00e1bados por la ma\u00f1ana. El cronograma incluye:<\/p>\n<ul data-sourcepos=\"15:1-19:0\">\n<li data-sourcepos=\"15:1-15:66\"><strong>Primer encuentro (27 y 28 de junio):<\/strong> Astronom\u00eda de posici\u00f3n.<\/li>\n<li data-sourcepos=\"16:1-16:57\"><strong>Segundo encuentro (15 y 16 de agosto):<\/strong> Astrof\u00edsica.<\/li>\n<li data-sourcepos=\"17:1-17:58\"><strong>Tercer encuentro (22 y 23 de agosto):<\/strong> Astrobiolog\u00eda.<\/li>\n<li data-sourcepos=\"18:1-19:0\"><strong>Cuarto encuentro (29 y 30 de agosto):<\/strong> Generalidades (parte cultural y evaluaci\u00f3n).<\/li>\n<\/ul>\n<p data-sourcepos=\"20:1-20:211\">Digiambatista <strong>resalt\u00f3 la importancia del puntaje docente y la relevancia de contar con la Dra. Garc\u00eda como capacitadora<\/strong>, dada su amplia formaci\u00f3n y su trabajo en redes de formaci\u00f3n en astronom\u00eda a nivel mundial.<a href=\"https:\/\/vinasfm.com\/noticias\/wp-content\/uploads\/2025\/06\/IMG-20250625-WA0073.jpg\"><img loading=\"lazy\" decoding=\"async\" class=\"aligncenter wp-image-150042\" src=\"https:\/\/vinasfm.com\/noticias\/wp-content\/uploads\/2025\/06\/IMG-20250625-WA0073-814x1024.jpg\" alt=\"\" width=\"500\" height=\"629\" srcset=\"https:\/\/vinasfm.com\/noticias\/wp-content\/uploads\/2025\/06\/IMG-20250625-WA0073-814x1024.jpg 814w, https:\/\/vinasfm.com\/noticias\/wp-content\/uploads\/2025\/06\/IMG-20250625-WA0073-239x300.jpg 239w, https:\/\/vinasfm.com\/noticias\/wp-content\/uploads\/2025\/06\/IMG-20250625-WA0073-768x966.jpg 768w, https:\/\/vinasfm.com\/noticias\/wp-content\/uploads\/2025\/06\/IMG-20250625-WA0073.jpg 1018w\" sizes=\"auto, (max-width: 500px) 100vw, 500px\" \/><\/a><\/p>\n<p data-sourcepos=\"22:1-22:392\">Para aquellos interesados, a\u00fan quedan 15 cupos disponibles. La inscripci\u00f3n se realiza a trav\u00e9s de la p\u00e1gina web de la Escuela de Agricultura de la UNCUYO, donde se accede a los<a href=\"https:\/\/forms.gle\/sVgUYJnJeQssxJJJ9\"> formularios correspondientes<\/a>. Una vez inscriptos, <strong>los participantes ser\u00e1n agregados a un grupo de WhatsApp para recibir toda la comunicaci\u00f3n y detalles sobre materiales sencillos que deber\u00e1n llevar a los encuentros.<\/strong><\/p>\n<p data-sourcepos=\"24:1-24:350\">La capacitaci\u00f3n es completamente gratuita y cuenta con certificaci\u00f3n con resoluci\u00f3n de la DGE Mendoza, lo que la convierte en una oportunidad imperdible para docentes, estudiantes avanzados de carreras de Nivel Superior y gu\u00edas de turismo vinculados a la actividad astrotur\u00edstica que deseen ampliar sus conocimientos en la did\u00e1ctica de la astronom\u00eda.<\/p>\n<p>&nbsp;<\/p>\n","protected":false},"excerpt":{"rendered":"<p>General Alvear ser\u00e1 sede de una importante capacitaci\u00f3n sobre \u00abDid\u00e1ctica de la Astronom\u00eda\u00ab, una propuesta gratuita y con puntaje docente que &#8230;<\/p>\n","protected":false},"author":7,"featured_media":150043,"comment_status":"open","ping_status":"open","sticky":false,"template":"","format":"standard","meta":{"footnotes":""},"categories":[10,18],"tags":[],"class_list":["post-150038","post","type-post","status-publish","format-standard","has-post-thumbnail","hentry","category-destacadas","category-educacion"],"_links":{"self":[{"href":"https:\/\/vinasfm.com\/noticias\/wp-json\/wp\/v2\/posts\/150038","targetHints":{"allow":["GET"]}}],"collection":[{"href":"https:\/\/vinasfm.com\/noticias\/wp-json\/wp\/v2\/posts"}],"about":[{"href":"https:\/\/vinasfm.com\/noticias\/wp-json\/wp\/v2\/types\/post"}],"author":[{"embeddable":true,"href":"https:\/\/vinasfm.com\/noticias\/wp-json\/wp\/v2\/users\/7"}],"replies":[{"embeddable":true,"href":"https:\/\/vinasfm.com\/noticias\/wp-json\/wp\/v2\/comments?post=150038"}],"version-history":[{"count":4,"href":"https:\/\/vinasfm.com\/noticias\/wp-json\/wp\/v2\/posts\/150038\/revisions"}],"predecessor-version":[{"id":150046,"href":"https:\/\/vinasfm.com\/noticias\/wp-json\/wp\/v2\/posts\/150038\/revisions\/150046"}],"wp:featuredmedia":[{"embeddable":true,"href":"https:\/\/vinasfm.com\/noticias\/wp-json\/wp\/v2\/media\/150043"}],"wp:attachment":[{"href":"https:\/\/vinasfm.com\/noticias\/wp-json\/wp\/v2\/media?parent=150038"}],"wp:term":[{"taxonomy":"category","embeddable":true,"href":"https:\/\/vinasfm.com\/noticias\/wp-json\/wp\/v2\/categories?post=150038"},{"taxonomy":"post_tag","embeddable":true,"href":"https:\/\/vinasfm.com\/noticias\/wp-json\/wp\/v2\/tags?post=150038"}],"curies":[{"name":"wp","href":"https:\/\/api.w.org\/{rel}","templated":true}]}}