{"id":150033,"date":"2025-06-25T10:03:54","date_gmt":"2025-06-25T13:03:54","guid":{"rendered":"https:\/\/vinasfm.com\/noticias\/?p=150033"},"modified":"2025-06-26T10:01:45","modified_gmt":"2025-06-26T13:01:45","slug":"asi-funciona-la-guardia-de-salud-mental-en-el-hospital-enfermeros-argentinos","status":"publish","type":"post","link":"https:\/\/vinasfm.com\/noticias\/asi-funciona-la-guardia-de-salud-mental-en-el-hospital-enfermeros-argentinos\/","title":{"rendered":"AS\u00cd FUNCIONA LA GUARDIA DE SALUD MENTAL EN EL HOSPITAL ENFERMEROS ARGENTINOS"},"content":{"rendered":"<h4><span style=\"color: #003300;\">Este martes se llev\u00f3 a cabo una reuni\u00f3n en el Sal\u00f3n de Usos M\u00faltiples (SUM) del Hospital Enfermeros Argentinos, con el objetivo de realizar un balance del funcionamiento de la recientemente inaugurada Guardia de Salud Mental.<\/span><\/h4>\n<p>La actividad cont\u00f3 con la participaci\u00f3n del equipo de profesionales que, desde hace semanas, trabaja diariamente en el servicio, brindando atenci\u00f3n y contenci\u00f3n ante urgencias y emergencias en salud mental.<\/p>\n<p>La guardia funciona de lunes a lunes, en el horario de 08:00 a 20:00, <strong>con atenci\u00f3n presencial de psic\u00f3logos, acompa\u00f1ados por psiquiatras en modalidad de guardia pasiva<\/strong>. Fuera de ese horario, el servicio contin\u00faa mediante una red de profesionales que presta asistencia desde la ciudad de Mendoza, garantizando una cobertura integral durante las 24 horas.<\/p>\n<p>Durante el encuentro, la m\u00e9dica <span style=\"color: #003366;\"><strong>Emilce Bustamante<\/strong> <\/span>comparti\u00f3 su visi\u00f3n sobre el desempe\u00f1o del servicio: <em><strong>\u201cla verdad que ha sido muy satisfactoria. Nos hemos encontrado con una importante concurrencia de pacientes, algunos que acced\u00edan por primera vez al sistema, y otros que ya hab\u00edan sido asistidos anteriormente por el equipo de salud mental. Esta reuni\u00f3n fue muy enriquecedora para seguir trabajando y fortalecer el abordaje interdisciplinario, as\u00ed como para identificar aspectos que a\u00fan debemos incorporar\u201d<\/strong><\/em>, expres\u00f3.<\/p>\n<p>Bustamante tambi\u00e9n destac\u00f3 la relevancia de haber puesto en marcha esta guardia, <em><strong>\u201cfue una decisi\u00f3n importante ejecutarla, porque est\u00e1n surgiendo situaciones que viven tanto los pacientes como los profesionales en este espacio. Es fundamental que la comunidad sepa que puede acercarse. La salud mental es tan importante como cualquier trastorno f\u00edsico, y eso es lo que estamos impulsando desde el hospital y desde el Ministerio de Salud en general\u201d<\/strong><\/em>, subray\u00f3.<\/p>\n<p>El equipo de trabajo est\u00e1 conformado por <strong>seis psic\u00f3logos, un trabajador social y un m\u00e9dico cl\u00ednico, quien realiza la primera evaluaci\u00f3n del paciente y deriva al \u00e1rea de salud mental en caso de ser necesario.<\/strong> Adem\u00e1s, se cuenta con una coordinadora general desde Mendoza y el respaldo del Ministerio de Salud de la provincia.<\/p>\n<p>La creaci\u00f3n de este espacio busca garantizar una respuesta r\u00e1pida y especializada ante situaciones de crisis, promoviendo una mirada integral de la salud en todas las etapas de la vida. Desde el hospital, se alienta a toda la comunidad \u2014ni\u00f1os, adolescentes, adultos y adultos mayores\u2014 a acudir ante cualquier situaci\u00f3n que afecte su bienestar emocional o mental.<\/p>\n","protected":false},"excerpt":{"rendered":"<p>Este martes se llev\u00f3 a cabo una reuni\u00f3n en el Sal\u00f3n de Usos M\u00faltiples (SUM) del Hospital Enfermeros Argentinos, con el &#8230;<\/p>\n","protected":false},"author":7,"featured_media":150035,"comment_status":"open","ping_status":"open","sticky":false,"template":"","format":"standard","meta":{"footnotes":""},"categories":[211,15],"tags":[],"class_list":["post-150033","post","type-post","status-publish","format-standard","has-post-thumbnail","hentry","category-hospital-enfermeros-argentinos","category-salud"],"_links":{"self":[{"href":"https:\/\/vinasfm.com\/noticias\/wp-json\/wp\/v2\/posts\/150033","targetHints":{"allow":["GET"]}}],"collection":[{"href":"https:\/\/vinasfm.com\/noticias\/wp-json\/wp\/v2\/posts"}],"about":[{"href":"https:\/\/vinasfm.com\/noticias\/wp-json\/wp\/v2\/types\/post"}],"author":[{"embeddable":true,"href":"https:\/\/vinasfm.com\/noticias\/wp-json\/wp\/v2\/users\/7"}],"replies":[{"embeddable":true,"href":"https:\/\/vinasfm.com\/noticias\/wp-json\/wp\/v2\/comments?post=150033"}],"version-history":[{"count":2,"href":"https:\/\/vinasfm.com\/noticias\/wp-json\/wp\/v2\/posts\/150033\/revisions"}],"predecessor-version":[{"id":150036,"href":"https:\/\/vinasfm.com\/noticias\/wp-json\/wp\/v2\/posts\/150033\/revisions\/150036"}],"wp:featuredmedia":[{"embeddable":true,"href":"https:\/\/vinasfm.com\/noticias\/wp-json\/wp\/v2\/media\/150035"}],"wp:attachment":[{"href":"https:\/\/vinasfm.com\/noticias\/wp-json\/wp\/v2\/media?parent=150033"}],"wp:term":[{"taxonomy":"category","embeddable":true,"href":"https:\/\/vinasfm.com\/noticias\/wp-json\/wp\/v2\/categories?post=150033"},{"taxonomy":"post_tag","embeddable":true,"href":"https:\/\/vinasfm.com\/noticias\/wp-json\/wp\/v2\/tags?post=150033"}],"curies":[{"name":"wp","href":"https:\/\/api.w.org\/{rel}","templated":true}]}}