{"id":149998,"date":"2025-06-24T10:48:43","date_gmt":"2025-06-24T13:48:43","guid":{"rendered":"https:\/\/vinasfm.com\/noticias\/?p=149998"},"modified":"2025-06-24T10:48:43","modified_gmt":"2025-06-24T13:48:43","slug":"este-martes-inicia-el-curso-de-inteligencia-artificial-en-ugacoop","status":"publish","type":"post","link":"https:\/\/vinasfm.com\/noticias\/este-martes-inicia-el-curso-de-inteligencia-artificial-en-ugacoop\/","title":{"rendered":"ESTE MARTES INICIA EL CURSO DE INTELIGENCIA ARTIFICIAL EN UGACOOP"},"content":{"rendered":"<h4 data-start=\"102\" data-end=\"505\"><strong><span style=\"color: #003300;\">Se trata de una iniciativa organizada por la Asesor\u00eda de Juventud en conjunto con la Subsecretar\u00eda de Empleo y Capacitaci\u00f3n del Ministerio de Producci\u00f3n. La actividad se desarrollar\u00e1 durante tres jornadas intensivas: martes 24 y mi\u00e9rcoles 25 de junio de 19:00 a 21:30, y el s\u00e1bado 28 de junio de 09:00 a 11:00 horas.<\/span><\/strong><\/h4>\n<p data-start=\"507\" data-end=\"940\"><span style=\"color: #003366;\"><strong>Milagros Nieto<\/strong><\/span>, <em>a cargo de la Asesor\u00eda de Juventud<\/em>, explic\u00f3 que la propuesta gener\u00f3 un alto nivel de inter\u00e9s:<em><strong> \u201cTuvimos m\u00e1s de 125 inscriptos, aunque el cupo era de 35 personas. Se eligi\u00f3 ese l\u00edmite para garantizar una din\u00e1mica personalizada con el docente\u201d.<\/strong><\/em> Adem\u00e1s, destac\u00f3 que el curso est\u00e1 a cargo de un ingeniero proveniente de San Rafael, y que fue posible gracias a la gesti\u00f3n conjunta con la licenciada Emilce Vega.<a href=\"https:\/\/vinasfm.com\/noticias\/wp-content\/uploads\/2025\/06\/509073953_17917807950128087_3563377164121617608_n.jpg\"><img loading=\"lazy\" decoding=\"async\" class=\"wp-image-150001 aligncenter\" src=\"https:\/\/vinasfm.com\/noticias\/wp-content\/uploads\/2025\/06\/509073953_17917807950128087_3563377164121617608_n-819x1024.jpg\" alt=\"\" width=\"400\" height=\"500\" \/><\/a><\/p>\n<p data-start=\"942\" data-end=\"1309\">El curso de Inteligencia Artificial est\u00e1 pensado <strong data-start=\"991\" data-end=\"1023\">para j\u00f3venes y emprendedores<\/strong>, con foco en su aplicaci\u00f3n pr\u00e1ctica al marketing digital. De hecho, este \u00faltimo tema ser\u00e1 el eje del segundo tramo de formaci\u00f3n, con el <strong data-start=\"1160\" data-end=\"1190\">curso de Marketing Digital<\/strong> que se dictar\u00e1 el viernes 4 de julio por la tarde (de 19 a 21:30) y el s\u00e1bado 5 de julio por la ma\u00f1ana (de 10 a 12 h).<\/p>\n<p data-start=\"1311\" data-end=\"1584\">Nieto asegur\u00f3 que ambas capacitaciones otorgan certificado y subray\u00f3 su importancia: <strong><em>\u201cEstas herramientas digitales est\u00e1n abarcando todo lo que es el mercado laboral actual y tambi\u00e9n impulsan el desarrollo local. Son oportunidades reales para los j\u00f3venes de General Alvear\u201d.<\/em><\/strong><\/p>\n<p data-start=\"1586\" data-end=\"1768\">Debido al \u00e9xito de la convocatoria y al gran n\u00famero de interesados que qued\u00f3 en lista de espera, desde la organizaci\u00f3n anticiparon que planean <strong data-start=\"1729\" data-end=\"1767\">abrir una nueva edici\u00f3n en octubre<\/strong>.<\/p>\n","protected":false},"excerpt":{"rendered":"<p>Se trata de una iniciativa organizada por la Asesor\u00eda de Juventud en conjunto con la Subsecretar\u00eda de Empleo y Capacitaci\u00f3n del &#8230;<\/p>\n","protected":false},"author":7,"featured_media":150001,"comment_status":"open","ping_status":"open","sticky":false,"template":"","format":"standard","meta":{"footnotes":""},"categories":[1],"tags":[],"class_list":["post-149998","post","type-post","status-publish","format-standard","has-post-thumbnail","hentry","category-fmvinas"],"_links":{"self":[{"href":"https:\/\/vinasfm.com\/noticias\/wp-json\/wp\/v2\/posts\/149998","targetHints":{"allow":["GET"]}}],"collection":[{"href":"https:\/\/vinasfm.com\/noticias\/wp-json\/wp\/v2\/posts"}],"about":[{"href":"https:\/\/vinasfm.com\/noticias\/wp-json\/wp\/v2\/types\/post"}],"author":[{"embeddable":true,"href":"https:\/\/vinasfm.com\/noticias\/wp-json\/wp\/v2\/users\/7"}],"replies":[{"embeddable":true,"href":"https:\/\/vinasfm.com\/noticias\/wp-json\/wp\/v2\/comments?post=149998"}],"version-history":[{"count":2,"href":"https:\/\/vinasfm.com\/noticias\/wp-json\/wp\/v2\/posts\/149998\/revisions"}],"predecessor-version":[{"id":150002,"href":"https:\/\/vinasfm.com\/noticias\/wp-json\/wp\/v2\/posts\/149998\/revisions\/150002"}],"wp:featuredmedia":[{"embeddable":true,"href":"https:\/\/vinasfm.com\/noticias\/wp-json\/wp\/v2\/media\/150001"}],"wp:attachment":[{"href":"https:\/\/vinasfm.com\/noticias\/wp-json\/wp\/v2\/media?parent=149998"}],"wp:term":[{"taxonomy":"category","embeddable":true,"href":"https:\/\/vinasfm.com\/noticias\/wp-json\/wp\/v2\/categories?post=149998"},{"taxonomy":"post_tag","embeddable":true,"href":"https:\/\/vinasfm.com\/noticias\/wp-json\/wp\/v2\/tags?post=149998"}],"curies":[{"name":"wp","href":"https:\/\/api.w.org\/{rel}","templated":true}]}}