{"id":149993,"date":"2025-06-24T10:23:18","date_gmt":"2025-06-24T13:23:18","guid":{"rendered":"https:\/\/vinasfm.com\/noticias\/?p=149993"},"modified":"2025-06-24T10:23:18","modified_gmt":"2025-06-24T13:23:18","slug":"taller-juntos-por-un-buen-trato-en-centros-de-jubilados-del-departamento","status":"publish","type":"post","link":"https:\/\/vinasfm.com\/noticias\/taller-juntos-por-un-buen-trato-en-centros-de-jubilados-del-departamento\/","title":{"rendered":"TALLER \u201cJUNTOS POR UN BUEN TRATO\u201d EN CENTROS DE JUBILADOS DEL DEPARTAMENTO"},"content":{"rendered":"<h4><strong>En el marco del D\u00eda Mundial de la Toma de Conciencia sobre el Abuso y Maltrato en la Vejez, la Direcci\u00f3n de Familia, a trav\u00e9s del \u00e1rea del Adulto Mayor, lleva adelante una serie de charlas y talleres en distintos puntos del departamento.<\/strong><\/h4>\n<p>La propuesta, titulada<em> \u201cJuntos por un Buen Trato\u201d<\/em>, se desarrolla en centros de jubilados y est\u00e1 dirigida tanto a personas mayores como a cuidadores y cuidadoras,<strong> con el objetivo de promover el respeto, la autonom\u00eda y los derechos en la vejez.<\/strong><\/p>\n<p>El equipo t\u00e9cnico est\u00e1 conformado por profesionales del \u00e1rea, entre ellas <span style=\"color: #003366;\"><strong>Patricia Videla<\/strong><\/span>, <em>Lic. en Psicomotricidad, Couch Ontol\u00f3gica<\/em> y <strong><span style=\"color: #003366;\">Gabriela Mellado<\/span><\/strong>,<em> Magister en Neuropsicolog\u00eda y deterioros cognitivos<\/em>, quienes abordan tem\u00e1ticas vinculadas al trato digno, la empat\u00eda, y la construcci\u00f3n de v\u00ednculos saludables con las personas mayores.<\/p>\n<p><span style=\"color: #003366;\"><strong>Jorgelina Peralta<\/strong><\/span>, <em>coordinadora del \u00e1rea de Adulto Mayor<\/em>, se\u00f1al\u00f3: <em><strong>\u00abqueremos generar conciencia y herramientas para un acompa\u00f1amiento respetuoso\u00bb<\/strong><\/em>. Las actividades incluyen din\u00e1micas participativas, juegos y espacios de reflexi\u00f3n<strong>, con una gran convocatoria tanto de adultos mayores como de personas que se desempe\u00f1an en tareas de cuidado, muchas de las cuales no cuentan con formaci\u00f3n previa.<\/strong><\/p>\n<p>La pr\u00f3xima fecha del taller es el lunes 30 de junio, a las 10:00 hs en el Centro de Jubilados de Carmensa y a las 14:00 hs en el Centro de Jubilados Patricias Mendocinas.<\/p>\n<p>La participaci\u00f3n es gratuita y no requiere inscripci\u00f3n previa. Se entregan certificados a quienes asistan.<\/p>\n","protected":false},"excerpt":{"rendered":"<p>En el marco del D\u00eda Mundial de la Toma de Conciencia sobre el Abuso y Maltrato en la Vejez, la Direcci\u00f3n &#8230;<\/p>\n","protected":false},"author":7,"featured_media":149994,"comment_status":"open","ping_status":"open","sticky":false,"template":"","format":"standard","meta":{"footnotes":""},"categories":[1],"tags":[],"class_list":["post-149993","post","type-post","status-publish","format-standard","has-post-thumbnail","hentry","category-fmvinas"],"_links":{"self":[{"href":"https:\/\/vinasfm.com\/noticias\/wp-json\/wp\/v2\/posts\/149993","targetHints":{"allow":["GET"]}}],"collection":[{"href":"https:\/\/vinasfm.com\/noticias\/wp-json\/wp\/v2\/posts"}],"about":[{"href":"https:\/\/vinasfm.com\/noticias\/wp-json\/wp\/v2\/types\/post"}],"author":[{"embeddable":true,"href":"https:\/\/vinasfm.com\/noticias\/wp-json\/wp\/v2\/users\/7"}],"replies":[{"embeddable":true,"href":"https:\/\/vinasfm.com\/noticias\/wp-json\/wp\/v2\/comments?post=149993"}],"version-history":[{"count":2,"href":"https:\/\/vinasfm.com\/noticias\/wp-json\/wp\/v2\/posts\/149993\/revisions"}],"predecessor-version":[{"id":149996,"href":"https:\/\/vinasfm.com\/noticias\/wp-json\/wp\/v2\/posts\/149993\/revisions\/149996"}],"wp:featuredmedia":[{"embeddable":true,"href":"https:\/\/vinasfm.com\/noticias\/wp-json\/wp\/v2\/media\/149994"}],"wp:attachment":[{"href":"https:\/\/vinasfm.com\/noticias\/wp-json\/wp\/v2\/media?parent=149993"}],"wp:term":[{"taxonomy":"category","embeddable":true,"href":"https:\/\/vinasfm.com\/noticias\/wp-json\/wp\/v2\/categories?post=149993"},{"taxonomy":"post_tag","embeddable":true,"href":"https:\/\/vinasfm.com\/noticias\/wp-json\/wp\/v2\/tags?post=149993"}],"curies":[{"name":"wp","href":"https:\/\/api.w.org\/{rel}","templated":true}]}}