{"id":149990,"date":"2025-06-23T19:56:44","date_gmt":"2025-06-23T22:56:44","guid":{"rendered":"https:\/\/vinasfm.com\/noticias\/?p=149990"},"modified":"2025-06-24T10:02:22","modified_gmt":"2025-06-24T13:02:22","slug":"una-motociclista-resulto-gravemente-lesionada-tras-un-siniestro-vial","status":"publish","type":"post","link":"https:\/\/vinasfm.com\/noticias\/una-motociclista-resulto-gravemente-lesionada-tras-un-siniestro-vial\/","title":{"rendered":"UNA MOTOCICLISTA RESULT\u00d3 GRAVEMENTE LESIONADA TRAS UN SINIESTRO VIAL"},"content":{"rendered":"<h4><span style=\"color: #003300;\"><strong>Una motociclista (44) result\u00f3 gravemente herida tras protagonizar un siniestro vial con un autom\u00f3vil en General Alvear.\u00a0<\/strong><\/span><\/h4>\n<p>De acuerdo al parte que emiti\u00f3 el Ministerio de Seguridad, el hecho ocurri\u00f3 en la tarde del lunes, promediando las 17:00 horas, en la intersecci\u00f3n de la Ruta Nacional 143 y Calle F. <strong>All\u00ed, un autom\u00f3vil marca Chevrolet Chevy, al mando de un hombre de 44 a\u00f1os, circulaba por la ruta y choc\u00f3, por razones que se intentan establecer, con una moto marca Corven Energy 110, que circulaba por Calle F.<\/strong><\/p>\n<p>En el lugar se hizo presente el SEC, que traslad\u00f3 a la motociclista\u00a0 al Hospital Enfermeros Argentinos, donde<strong> le diagnosticaron un traumatismo enc\u00e9falocraneano (TEC) con p\u00e9rdida de conocimiento transitoria, recuper\u00e1ndose posteriormente<\/strong>. Tambi\u00e9n se constat\u00f3 una fractura en una de sus piernas. Se realizaron estudios de imagen y se inici\u00f3 el tratamiento correspondiente. Minutos despu\u00e9s y tras constatarse una lesi\u00f3n en la columna de la mujer, <strong>los m\u00e9dicos ordenaron su traslado al hospital Central, de la capital.<\/strong><\/p>\n<p>No se inform\u00f3 acerca de alcoholemias positivas.<\/p>\n","protected":false},"excerpt":{"rendered":"<p>Una motociclista (44) result\u00f3 gravemente herida tras protagonizar un siniestro vial con un autom\u00f3vil en General Alvear.\u00a0 De acuerdo al parte &#8230;<\/p>\n","protected":false},"author":7,"featured_media":149991,"comment_status":"open","ping_status":"open","sticky":false,"template":"","format":"standard","meta":{"footnotes":""},"categories":[1],"tags":[],"class_list":["post-149990","post","type-post","status-publish","format-standard","has-post-thumbnail","hentry","category-fmvinas"],"_links":{"self":[{"href":"https:\/\/vinasfm.com\/noticias\/wp-json\/wp\/v2\/posts\/149990","targetHints":{"allow":["GET"]}}],"collection":[{"href":"https:\/\/vinasfm.com\/noticias\/wp-json\/wp\/v2\/posts"}],"about":[{"href":"https:\/\/vinasfm.com\/noticias\/wp-json\/wp\/v2\/types\/post"}],"author":[{"embeddable":true,"href":"https:\/\/vinasfm.com\/noticias\/wp-json\/wp\/v2\/users\/7"}],"replies":[{"embeddable":true,"href":"https:\/\/vinasfm.com\/noticias\/wp-json\/wp\/v2\/comments?post=149990"}],"version-history":[{"count":1,"href":"https:\/\/vinasfm.com\/noticias\/wp-json\/wp\/v2\/posts\/149990\/revisions"}],"predecessor-version":[{"id":149992,"href":"https:\/\/vinasfm.com\/noticias\/wp-json\/wp\/v2\/posts\/149990\/revisions\/149992"}],"wp:featuredmedia":[{"embeddable":true,"href":"https:\/\/vinasfm.com\/noticias\/wp-json\/wp\/v2\/media\/149991"}],"wp:attachment":[{"href":"https:\/\/vinasfm.com\/noticias\/wp-json\/wp\/v2\/media?parent=149990"}],"wp:term":[{"taxonomy":"category","embeddable":true,"href":"https:\/\/vinasfm.com\/noticias\/wp-json\/wp\/v2\/categories?post=149990"},{"taxonomy":"post_tag","embeddable":true,"href":"https:\/\/vinasfm.com\/noticias\/wp-json\/wp\/v2\/tags?post=149990"}],"curies":[{"name":"wp","href":"https:\/\/api.w.org\/{rel}","templated":true}]}}