{"id":149980,"date":"2025-06-23T10:14:09","date_gmt":"2025-06-23T13:14:09","guid":{"rendered":"https:\/\/vinasfm.com\/noticias\/?p=149980"},"modified":"2025-06-24T10:37:12","modified_gmt":"2025-06-24T13:37:12","slug":"preocupan-en-alvear-los-incendios-intencionales-en-pleno-invierno","status":"publish","type":"post","link":"https:\/\/vinasfm.com\/noticias\/preocupan-en-alvear-los-incendios-intencionales-en-pleno-invierno\/","title":{"rendered":"PREOCUPAN EN ALVEAR LOS INCENDIOS INTENCIONALES EN PLENO INVIERNO"},"content":{"rendered":"<h4 data-start=\"96\" data-end=\"463\"><span style=\"color: #003300;\"><strong>El director de Defensa Civil, Javier Velazco, brind\u00f3 un preocupante panorama sobre las m\u00faltiples emergencias atendidas en las \u00faltimas horas en el departamento, que incluyen incendios de pastizales, \u00e1rboles ca\u00eddos sobre tendidos el\u00e9ctricos, desprendimiento de chapas y un incendio estructural que dej\u00f3 a una familia joven con quemaduras y sin hogar.<\/strong><\/span><\/h4>\n<p data-start=\"465\" data-end=\"886\">Durante la jornada del lunes, personal de <strong>Defensa Civil<\/strong>, Bomberos y otras \u00e1reas trabajaron intensamente en distintos puntos del departamento.<strong> Uno de los primeros incidentes ocurri\u00f3 en calle Presidente Illia, donde una planta seca cay\u00f3 sobre cables el\u00e9ctricos.<\/strong> En el barrio El Matadero, <strong>una chapa de techo se desprendi\u00f3 y cay\u00f3 peligrosamente sobre el domicilio vecino<\/strong>, lo que gener\u00f3 gran preocupaci\u00f3n en la due\u00f1a de casa.<\/p>\n<p data-start=\"888\" data-end=\"1165\">Asimismo, en la intersecci\u00f3n de <strong>Uspallata y Calle 1<\/strong>, frente a<em> \u00abLa Santina\u00bb<\/em>, <strong>otra planta seca tambi\u00e9n colaps\u00f3 sobre l\u00edneas el\u00e9ctricas.<\/strong> Ya en horas de la tarde-noche, <strong>se combati\u00f3 un incendio de maleza en una finca inculta en la zona de Poste de Hierro.<\/strong><\/p>\n<p data-start=\"1167\" data-end=\"1475\">Velazco denunci\u00f3 que este \u00faltimo foco \u00edgneo fue <strong data-start=\"1215\" data-end=\"1230\">intencional<\/strong>: <em><strong>\u201cEl viento era fue fuerte, imposible que fuera un accidente. Siempre hablamos de la irresponsabilidad de quienes prenden fuego sin medir las consecuencias. Se puso en riesgo una finca cultivada, que tuvimos que proteger junto a Bomberos\u201d<\/strong><\/em>.<\/p>\n<p data-start=\"1477\" data-end=\"1792\">El funcionario advirti\u00f3 que <strong>ya son frecuentes las intervenciones diarias<\/strong> por incendios de este tipo, lo que genera preocupaci\u00f3n en un contexto clim\u00e1tico todav\u00eda invernal. <em><strong>\u201cMir\u00e1 la \u00e9poca en la que estamos y ya tenemos entre dos o tres salidas por d\u00eda por quemas intencionales. Lo que viene no es alentador\u201d<\/strong><\/em>, lament\u00f3.<\/p>\n<p data-start=\"1794\" data-end=\"2273\">Por otro lado, Velazco se refiri\u00f3 a un <strong data-start=\"1833\" data-end=\"1867\">grave incendio en una vivienda<\/strong> ocurrido en horas de la madrugada del s\u00e1badp. El siniestro, aparentemente originado por un desperfecto el\u00e9ctrico o una estufa, <strong>dej\u00f3 a una joven pareja con quemaduras en rostro, manos y cuero cabelludo<\/strong>, y <strong data-start=\"2061\" data-end=\"2092\">p\u00e9rdidas materiales totales<\/strong>. Las v\u00edctimas fueron trasladadas a un centro de mayor complejidad en San Rafael. <em><strong>\u201cPor suerte no hubo v\u00edctimas fatales, pero perdieron absolutamente todo\u201d,<\/strong><\/em> expres\u00f3 con preocupaci\u00f3n.<\/p>\n<p data-start=\"2275\" data-end=\"2676\">Finalmente, reiter\u00f3 las recomendaciones habituales para evitar intoxicaciones por mon\u00f3xido de carbono: <strong data-start=\"2378\" data-end=\"2448\">ventilar los ambientes, no sellar completamente puertas y ventanas<\/strong>, y prestar atenci\u00f3n al color de la llama de los calefactores <em>(debe ser azul, no amarilla o naranja)<\/em>.<em><strong> \u201cA veces los fines de semana largos nos quedamos en casa todo el d\u00eda y sin darnos cuenta nos estamos intoxicando\u201d<\/strong><\/em>, advirti\u00f3.<\/p>\n<p data-start=\"2678\" data-end=\"2881\" data-is-last-node=\"\" data-is-only-node=\"\">Desde Defensa Civil insisten en la <strong data-start=\"2713\" data-end=\"2801\">prevenci\u00f3n, el cuidado con las conexiones el\u00e9ctricas y el uso responsable de estufas<\/strong>. <em><strong>\u201cSon peque\u00f1as acciones que pueden evitar grandes tragedias\u201d<\/strong><\/em>, concluy\u00f3 Velazco.<\/p>\n","protected":false},"excerpt":{"rendered":"<p>El director de Defensa Civil, Javier Velazco, brind\u00f3 un preocupante panorama sobre las m\u00faltiples emergencias atendidas en las \u00faltimas horas en &#8230;<\/p>\n","protected":false},"author":7,"featured_media":149988,"comment_status":"open","ping_status":"open","sticky":false,"template":"","format":"standard","meta":{"footnotes":""},"categories":[5,51],"tags":[],"class_list":["post-149980","post","type-post","status-publish","format-standard","has-post-thumbnail","hentry","category-actualidad","category-defensa-civil"],"_links":{"self":[{"href":"https:\/\/vinasfm.com\/noticias\/wp-json\/wp\/v2\/posts\/149980","targetHints":{"allow":["GET"]}}],"collection":[{"href":"https:\/\/vinasfm.com\/noticias\/wp-json\/wp\/v2\/posts"}],"about":[{"href":"https:\/\/vinasfm.com\/noticias\/wp-json\/wp\/v2\/types\/post"}],"author":[{"embeddable":true,"href":"https:\/\/vinasfm.com\/noticias\/wp-json\/wp\/v2\/users\/7"}],"replies":[{"embeddable":true,"href":"https:\/\/vinasfm.com\/noticias\/wp-json\/wp\/v2\/comments?post=149980"}],"version-history":[{"count":2,"href":"https:\/\/vinasfm.com\/noticias\/wp-json\/wp\/v2\/posts\/149980\/revisions"}],"predecessor-version":[{"id":149989,"href":"https:\/\/vinasfm.com\/noticias\/wp-json\/wp\/v2\/posts\/149980\/revisions\/149989"}],"wp:featuredmedia":[{"embeddable":true,"href":"https:\/\/vinasfm.com\/noticias\/wp-json\/wp\/v2\/media\/149988"}],"wp:attachment":[{"href":"https:\/\/vinasfm.com\/noticias\/wp-json\/wp\/v2\/media?parent=149980"}],"wp:term":[{"taxonomy":"category","embeddable":true,"href":"https:\/\/vinasfm.com\/noticias\/wp-json\/wp\/v2\/categories?post=149980"},{"taxonomy":"post_tag","embeddable":true,"href":"https:\/\/vinasfm.com\/noticias\/wp-json\/wp\/v2\/tags?post=149980"}],"curies":[{"name":"wp","href":"https:\/\/api.w.org\/{rel}","templated":true}]}}