{"id":149968,"date":"2025-06-24T08:16:38","date_gmt":"2025-06-24T11:16:38","guid":{"rendered":"https:\/\/vinasfm.com\/noticias\/?p=149968"},"modified":"2025-06-24T08:16:38","modified_gmt":"2025-06-24T11:16:38","slug":"cuenta-regresiva-para-la-nieve-cuanto-hay-que-gastar-para-ir-a-las-lenas-desde-san-rafael-esta-temporada","status":"publish","type":"post","link":"https:\/\/vinasfm.com\/noticias\/cuenta-regresiva-para-la-nieve-cuanto-hay-que-gastar-para-ir-a-las-lenas-desde-san-rafael-esta-temporada\/","title":{"rendered":"CUENTA REGRESIVA PARA LA NIEVE: CU\u00c1NTO HAY QUE GASTAR PARA IR A LAS LE\u00d1AS DESDE SAN RAFAEL ESTA TEMPORADA"},"content":{"rendered":"<h4><span style=\"color: #003300;\"><strong>Aunque el centro de esqu\u00ed Las Le\u00f1as a\u00fan no abri\u00f3 oficialmente (lo har\u00e1 el 28 de junio), ya se ven visitantes disfrutando del parque de nieve. Muchos sanrafaelinos aprovechan para hacer una escapada de un d\u00eda, y ac\u00e1 te contamos cu\u00e1nto cuesta hacerlo esta temporada.<\/strong><\/span><\/h4>\n<p>Los pasajes en micro desde San Rafael ya est\u00e1n disponibles con Isel\u00edn (y desde julio se suma CATA),<strong> con un valor desde $29.300 por tramo<\/strong>. Las excursiones por el d\u00eda, que incluyen Laguna de la Ni\u00f1a Encantada y Pozo de las \u00c1nimas,<strong> cuestan entre $80.000 y $90.000 por persona.<\/strong><\/p>\n<p>Para quienes no tienen equipo, los combos de ropa de nieve (enterito, botas, guantes)<strong> van de $20.000 a $30.000, mientras que cascos y antiparras arrancan en $10.000.<\/strong> El alquiler de equipos de ski o snowboard ronda los<strong> $35.000 a $40.000, los bastones desde $20.000, las tablas cerca de $25.000, y los trineos (culipatines) entre $10.000 y $15.000<\/strong>. Si vas en auto, las cadenas cuestan entre $15.000 y $20.000. La nieve se viene con todo y el bolsillo lo sabe.<\/p>\n<h2>INICIO<\/h2>\n<p>Al ingresar en el sitio web de Las Le\u00f1as, los turistas podr\u00e1n conocer la fecha de inicio de temporada en el complejo. <em><strong>\u00abEstimados, les informamos que la fecha establecida para la apertura de la temporada de esqu\u00ed es el s\u00e1bado 28 de junio. En funci\u00f3n de las \u00faltimas nevadas, se est\u00e1n realizando trabajos en toda la monta\u00f1a para poner en condiciones la mayor cantidad de pistas posibles para esa fecha\u00bb<\/strong><\/em>, indican en el comunicado.<\/p>\n<p>&nbsp;<\/p>\n","protected":false},"excerpt":{"rendered":"<p>Aunque el centro de esqu\u00ed Las Le\u00f1as a\u00fan no abri\u00f3 oficialmente (lo har\u00e1 el 28 de junio), ya se ven visitantes &#8230;<\/p>\n","protected":false},"author":7,"featured_media":149969,"comment_status":"open","ping_status":"open","sticky":false,"template":"","format":"standard","meta":{"footnotes":""},"categories":[1],"tags":[],"class_list":["post-149968","post","type-post","status-publish","format-standard","has-post-thumbnail","hentry","category-fmvinas"],"_links":{"self":[{"href":"https:\/\/vinasfm.com\/noticias\/wp-json\/wp\/v2\/posts\/149968","targetHints":{"allow":["GET"]}}],"collection":[{"href":"https:\/\/vinasfm.com\/noticias\/wp-json\/wp\/v2\/posts"}],"about":[{"href":"https:\/\/vinasfm.com\/noticias\/wp-json\/wp\/v2\/types\/post"}],"author":[{"embeddable":true,"href":"https:\/\/vinasfm.com\/noticias\/wp-json\/wp\/v2\/users\/7"}],"replies":[{"embeddable":true,"href":"https:\/\/vinasfm.com\/noticias\/wp-json\/wp\/v2\/comments?post=149968"}],"version-history":[{"count":2,"href":"https:\/\/vinasfm.com\/noticias\/wp-json\/wp\/v2\/posts\/149968\/revisions"}],"predecessor-version":[{"id":149972,"href":"https:\/\/vinasfm.com\/noticias\/wp-json\/wp\/v2\/posts\/149968\/revisions\/149972"}],"wp:featuredmedia":[{"embeddable":true,"href":"https:\/\/vinasfm.com\/noticias\/wp-json\/wp\/v2\/media\/149969"}],"wp:attachment":[{"href":"https:\/\/vinasfm.com\/noticias\/wp-json\/wp\/v2\/media?parent=149968"}],"wp:term":[{"taxonomy":"category","embeddable":true,"href":"https:\/\/vinasfm.com\/noticias\/wp-json\/wp\/v2\/categories?post=149968"},{"taxonomy":"post_tag","embeddable":true,"href":"https:\/\/vinasfm.com\/noticias\/wp-json\/wp\/v2\/tags?post=149968"}],"curies":[{"name":"wp","href":"https:\/\/api.w.org\/{rel}","templated":true}]}}