{"id":149957,"date":"2025-06-23T11:26:58","date_gmt":"2025-06-23T14:26:58","guid":{"rendered":"https:\/\/vinasfm.com\/noticias\/?p=149957"},"modified":"2025-06-23T11:26:58","modified_gmt":"2025-06-23T14:26:58","slug":"alvear-oeste-fue-el-escenario-de-una-nueva-edicion-de-alvear-baila","status":"publish","type":"post","link":"https:\/\/vinasfm.com\/noticias\/alvear-oeste-fue-el-escenario-de-una-nueva-edicion-de-alvear-baila\/","title":{"rendered":"ALVEAR OESTE FUE EL ESCENARIO DE UNA NUEVA EDICI\u00d3N DE \u00abALVEAR BAILA\u00bb"},"content":{"rendered":"<h4><span style=\"color: #003300;\"><strong>Este fin de semana se vivi\u00f3 una nueva edici\u00f3n de Alvear Baila, una propuesta impulsada por el Municipio de General Alvear que recorre distintas plazas del departamento con clases abiertas y gratuitas de baile y aer\u00f3bica.<\/strong><\/span><\/h4>\n<p><span style=\"color: #003366;\"><strong>Florencia Montecino<\/strong><\/span>, <em>encargada del programa<\/em>, explic\u00f3 que el objetivo es acercar el ritmo y el movimiento a toda la comunidad, promoviendo la actividad f\u00edsica y la expresi\u00f3n art\u00edstica: <strong><em>\u201cBrindamos clases gratuitas en las diferentes plazas del departamento para dar a conocer lo que se ense\u00f1a durante todo el a\u00f1o\u201d<\/em><\/strong>, detall\u00f3.<\/p>\n<p>La pr\u00f3xima edici\u00f3n de<em> \u00abAlvear Baila\u00bb<\/em> ser\u00e1 en la Plaza San Mart\u00edn de Bowen, antes del receso invernal. Si bien la fecha exacta se confirmar\u00e1 en los pr\u00f3ximos d\u00edas, se aclar\u00f3 que la actividad solo se suspender\u00e1 en caso de lluvia.<\/p>\n<p>Desde la organizaci\u00f3n invitan a toda la comunidad a sumarse a esta propuesta que combina salud, arte y recreaci\u00f3n de forma accesible y cercana.<\/p>\n<h2>Clases semanales en el Polideportivo<\/h2>\n<p>Durante el a\u00f1o, las clases regulares se dictan en el<em> Polideportivo Deportistas Alvearenses<\/em>, los lunes y mi\u00e9rcoles a las 14:00 horas.<\/p>\n<p>Para inscribirse, las personas interesadas deben acercarse a la direcci\u00f3n del Polideportivo, de 08:00 a 13:00 horas y de 16:00 a 19:00 horas. Solo se requiere una fotocopia del DNI y completar una ficha de inscripci\u00f3n para obtener el carnet.<\/p>\n<p>Montecino destac\u00f3 que el programa tambi\u00e9n se desarrolla en los distritos, gracias al trabajo coordinado de varias profesoras: <em><strong>\u201cToda la informaci\u00f3n se puede consultar en el Poli. Pueden elegir la sede m\u00e1s cercana a su domicilio y sumarse cuando quieran. Las clases son gratuitas y se puede hacer una clase de prueba sin compromiso\u201d.<\/strong><\/em><\/p>\n<h3><a href=\"https:\/\/vinasfm.com\/noticias\/wp-content\/uploads\/2025\/06\/IMG-20250623-WA0059.jpg\"><img loading=\"lazy\" decoding=\"async\" class=\"wp-image-149958 aligncenter\" src=\"https:\/\/vinasfm.com\/noticias\/wp-content\/uploads\/2025\/06\/IMG-20250623-WA0059-1024x684.jpg\" alt=\"\" width=\"600\" height=\"401\" srcset=\"https:\/\/vinasfm.com\/noticias\/wp-content\/uploads\/2025\/06\/IMG-20250623-WA0059-1024x684.jpg 1024w, https:\/\/vinasfm.com\/noticias\/wp-content\/uploads\/2025\/06\/IMG-20250623-WA0059-300x200.jpg 300w, https:\/\/vinasfm.com\/noticias\/wp-content\/uploads\/2025\/06\/IMG-20250623-WA0059-768x513.jpg 768w, https:\/\/vinasfm.com\/noticias\/wp-content\/uploads\/2025\/06\/IMG-20250623-WA0059-1536x1025.jpg 1536w, https:\/\/vinasfm.com\/noticias\/wp-content\/uploads\/2025\/06\/IMG-20250623-WA0059.jpg 1600w\" sizes=\"auto, (max-width: 600px) 100vw, 600px\" \/><\/a><\/h3>\n<h3>Evento regional en agosto<\/h3>\n<p>Adem\u00e1s, Montecino anunci\u00f3 una importante actividad: el pr\u00f3ximo 23 de agosto se realizar\u00e1 una Regional de Ritmos y Tendencias, donde participar\u00e1n diversas academias de danza, tanto del \u00e1mbito p\u00fablico como privado. Tambi\u00e9n se presentar\u00e1 el grupo de aer\u00f3bica del Polideportivo.<\/p>\n<p><em><strong>\u201cEst\u00e1n invitados todos los profesores de danza y sus alumnas. Es una oportunidad para presentarse, vivir la experiencia de un selectivo y, en algunos casos, clasificar a instancias superiores\u201d<\/strong><\/em>, agreg\u00f3.<\/p>\n","protected":false},"excerpt":{"rendered":"<p>Este fin de semana se vivi\u00f3 una nueva edici\u00f3n de Alvear Baila, una propuesta impulsada por el Municipio de General Alvear &#8230;<\/p>\n","protected":false},"author":7,"featured_media":149959,"comment_status":"open","ping_status":"open","sticky":false,"template":"","format":"standard","meta":{"footnotes":""},"categories":[1],"tags":[],"class_list":["post-149957","post","type-post","status-publish","format-standard","has-post-thumbnail","hentry","category-fmvinas"],"_links":{"self":[{"href":"https:\/\/vinasfm.com\/noticias\/wp-json\/wp\/v2\/posts\/149957","targetHints":{"allow":["GET"]}}],"collection":[{"href":"https:\/\/vinasfm.com\/noticias\/wp-json\/wp\/v2\/posts"}],"about":[{"href":"https:\/\/vinasfm.com\/noticias\/wp-json\/wp\/v2\/types\/post"}],"author":[{"embeddable":true,"href":"https:\/\/vinasfm.com\/noticias\/wp-json\/wp\/v2\/users\/7"}],"replies":[{"embeddable":true,"href":"https:\/\/vinasfm.com\/noticias\/wp-json\/wp\/v2\/comments?post=149957"}],"version-history":[{"count":2,"href":"https:\/\/vinasfm.com\/noticias\/wp-json\/wp\/v2\/posts\/149957\/revisions"}],"predecessor-version":[{"id":149961,"href":"https:\/\/vinasfm.com\/noticias\/wp-json\/wp\/v2\/posts\/149957\/revisions\/149961"}],"wp:featuredmedia":[{"embeddable":true,"href":"https:\/\/vinasfm.com\/noticias\/wp-json\/wp\/v2\/media\/149959"}],"wp:attachment":[{"href":"https:\/\/vinasfm.com\/noticias\/wp-json\/wp\/v2\/media?parent=149957"}],"wp:term":[{"taxonomy":"category","embeddable":true,"href":"https:\/\/vinasfm.com\/noticias\/wp-json\/wp\/v2\/categories?post=149957"},{"taxonomy":"post_tag","embeddable":true,"href":"https:\/\/vinasfm.com\/noticias\/wp-json\/wp\/v2\/tags?post=149957"}],"curies":[{"name":"wp","href":"https:\/\/api.w.org\/{rel}","templated":true}]}}