{"id":149955,"date":"2025-06-23T12:03:24","date_gmt":"2025-06-23T15:03:24","guid":{"rendered":"https:\/\/vinasfm.com\/noticias\/?p=149955"},"modified":"2025-06-23T12:03:24","modified_gmt":"2025-06-23T15:03:24","slug":"el-sistema-de-camaras-de-seguridad-en-general-alvear-ya-cuenta-con-150-dispositivos-y-es-clave-en-investigaciones-judiciales","status":"publish","type":"post","link":"https:\/\/vinasfm.com\/noticias\/el-sistema-de-camaras-de-seguridad-en-general-alvear-ya-cuenta-con-150-dispositivos-y-es-clave-en-investigaciones-judiciales\/","title":{"rendered":"EL SISTEMA DE C\u00c1MARAS DE SEGURIDAD EN GENERAL ALVEAR YA CUENTA CON 150 DISPOSITIVOS Y ES CLAVE EN INVESTIGACIONES JUDICIALES"},"content":{"rendered":"<div class=\"flex basis-auto flex-col -mb-(--composer-overlap-px) [--composer-overlap-px:24px] grow overflow-hidden\">\n<div class=\"relative h-full\">\n<div class=\"flex h-full flex-col overflow-y-auto [scrollbar-gutter:stable_both-edges] @[84rem]\/thread:pt-(--header-height)\">\n<div class=\"@thread-xl\/thread:pt-header-height mt-1.5 flex flex-col text-sm pb-25\">\n<article class=\"text-token-text-primary w-full\" dir=\"auto\" data-testid=\"conversation-turn-10\" data-scroll-anchor=\"true\">\n<div class=\"text-base my-auto mx-auto py-5 [--thread-content-margin:--spacing(4)] @[37rem]:[--thread-content-margin:--spacing(6)] @[72rem]:[--thread-content-margin:--spacing(16)] px-(--thread-content-margin)\">\n<div class=\"[--thread-content-max-width:32rem] @[34rem]:[--thread-content-max-width:40rem] @[64rem]:[--thread-content-max-width:48rem] mx-auto flex max-w-(--thread-content-max-width) flex-1 text-base gap-4 md:gap-5 lg:gap-6 group\/turn-messages focus-visible:outline-hidden\" tabindex=\"-1\">\n<div class=\"group\/conversation-turn relative flex w-full min-w-0 flex-col agent-turn\">\n<div class=\"relative flex-col gap-1 md:gap-3\">\n<div class=\"flex max-w-full flex-col grow\">\n<div class=\"min-h-8 text-message relative flex w-full flex-col items-end gap-2 text-start break-words whitespace-normal [.text-message+&amp;]:mt-5\" dir=\"auto\" data-message-author-role=\"assistant\" data-message-id=\"b1fca8be-b7db-484c-8054-1334dd73a3fe\" data-message-model-slug=\"gpt-4o\">\n<div class=\"flex w-full flex-col gap-1 empty:hidden first:pt-[3px]\">\n<div class=\"markdown prose dark:prose-invert w-full break-words light\">\n<h4 data-start=\"130\" data-end=\"420\"><strong><span style=\"color: #003300;\">El Coordinador de Seguridad de la Municipalidad de General Alvear, Luis Alca\u00edno, brind\u00f3 detalles sobre el funcionamiento y efectividad del sistema de videovigilancia que opera en el departamento, destacando su reciente intervenci\u00f3n en un hecho delictivo ocurrido sobre la Ruta Nacional 188.<\/span><\/strong><\/h4>\n<p data-start=\"422\" data-end=\"898\">Seg\u00fan inform\u00f3, personal del Centro de Monitoreo logr\u00f3 identificar un semirremolque que hab\u00eda sido sustra\u00eddo, gracias a las c\u00e1maras instaladas en diferentes puntos estrat\u00e9gicos del departamento. El veh\u00edculo fue visualizado durante la noche del mi\u00e9rcoles y las im\u00e1genes obtenidas ya fueron aportadas a la justicia. <em><strong>\u201cEste tipo de pruebas es fundamental porque permite enfocar la investigaci\u00f3n en un punto espec\u00edfico de ingreso al departamento y descartar otros\u201d<\/strong><\/em>, explic\u00f3 Alca\u00edno.<\/p>\n<p data-start=\"900\" data-end=\"1307\">Si bien no brind\u00f3 detalles sobre posibles responsables, el funcionario remarc\u00f3 que el rol del municipio es el de c<strong>olaborar activamente con el Poder Judicial y la Polic\u00eda<\/strong>, facilitando todas las herramientas tecnol\u00f3gicas disponibles. <em><strong>\u201cQueremos que la comunidad sepa que sus impuestos est\u00e1n bien invertidos y que las c\u00e1maras funcionan, sirven y son efectivas para prevenir y esclarecer delitos\u201d<\/strong><\/em>, sostuvo.<\/p>\n<div id=\"attachment_149918\" style=\"width: 600px\" class=\"wp-caption aligncenter\"><a href=\"https:\/\/vinasfm.com\/noticias\/wp-content\/uploads\/2025\/06\/Screenshot_20250623-084055.jpg\"><img loading=\"lazy\" decoding=\"async\" aria-describedby=\"caption-attachment-149918\" class=\"wp-image-149918\" src=\"https:\/\/vinasfm.com\/noticias\/wp-content\/uploads\/2025\/06\/Screenshot_20250623-084055.jpg\" alt=\"\" width=\"600\" height=\"351\" srcset=\"https:\/\/vinasfm.com\/noticias\/wp-content\/uploads\/2025\/06\/Screenshot_20250623-084055.jpg 1230w, https:\/\/vinasfm.com\/noticias\/wp-content\/uploads\/2025\/06\/Screenshot_20250623-084055-300x176.jpg 300w, https:\/\/vinasfm.com\/noticias\/wp-content\/uploads\/2025\/06\/Screenshot_20250623-084055-1024x599.jpg 1024w, https:\/\/vinasfm.com\/noticias\/wp-content\/uploads\/2025\/06\/Screenshot_20250623-084055-768x450.jpg 768w\" sizes=\"auto, (max-width: 600px) 100vw, 600px\" \/><\/a><p id=\"caption-attachment-149918\" class=\"wp-caption-text\">Las im\u00e1genes registradas fueron entregadas a la Justicia, lo que permiti\u00f3 avanzar r\u00e1pidamente en la investigaci\u00f3n.<\/p><\/div>\n<h3 data-start=\"1309\" data-end=\"1359\">M\u00e1s de 150 c\u00e1maras y expansi\u00f3n al \u00e1mbito rural<\/h3>\n<p data-start=\"1361\" data-end=\"1627\">Alca\u00edno precis\u00f3 que el sistema comenz\u00f3 con unas 30 c\u00e1maras, y <strong>actualmente cuenta con alrededor de 150 dispositivos<\/strong>, instalados tanto en zonas urbanas como en los ingresos al departamento, zonas rurales y distritos donde antes no exist\u00eda cobertura de videovigilancia.<\/p>\n<p data-start=\"1629\" data-end=\"1922\">Adem\u00e1s, explic\u00f3 que el monitoreo requiere no solo inversi\u00f3n en equipos, sino tambi\u00e9n recursos humanos especializados: <strong>\u201cCada operador debe controlar una cierta cantidad de c\u00e1maras, por eso tambi\u00e9n es necesario que los vecinos comprendan que la instalaci\u00f3n va acompa\u00f1ada de un sistema integral\u201d.<\/strong><\/p>\n<p data-start=\"1966\" data-end=\"2315\">Otro avance importante es el trabajo conjunto con la <strong>C\u00e1mara de Comercio<\/strong> y el<strong> Ministerio de Seguridad<\/strong> para incorporar c\u00e1maras particulares a la red p\u00fablica de vigilancia. <strong><em>\u201cToda c\u00e1mara que apunte hacia la v\u00eda p\u00fablica y cumpla con ciertos requisitos t\u00e9cnicos podr\u00e1 ser incorporada al sistema y utilizada judicialmente en caso de ser necesario\u201d<\/em><\/strong>, indic\u00f3.<\/p>\n<p data-start=\"2317\" data-end=\"2578\">En cuanto a la operatividad del centro de monitoreo, Alca\u00edno asegur\u00f3 que se trabaja de manera normal y coordinada, con un equipo dedicado exclusivamente a responder requerimientos judiciales, planificar nuevas instalaciones y mantener las c\u00e1maras ya existentes.<\/p>\n<p data-start=\"2580\" data-end=\"2783\" data-is-last-node=\"\" data-is-only-node=\"\"><em><strong>\u201cEstamos convencidos de que esta herramienta tecnol\u00f3gica es esencial para la seguridad de todos los alvearenses. Y seguiremos invirtiendo en ella para ampliar su alcance y mejorar su eficacia\u201d<\/strong><\/em>, concluy\u00f3.<\/p>\n<\/div>\n<\/div>\n<\/div>\n<\/div>\n<\/div>\n<\/div>\n<\/div>\n<\/div>\n<\/article>\n<\/div>\n<\/div>\n<\/div>\n<\/div>\n<div id=\"thread-bottom-container\" class=\"isolate z-3 w-full basis-auto has-data-has-thread-error:pt-2 has-data-has-thread-error:[box-shadow:var(--sharp-edge-bottom-shadow)] md:border-transparent md:pt-0 dark:border-white\/20 md:dark:border-transparent flex flex-col\">\n<div id=\"thread-bottom\">\n<div class=\"text-base mx-auto [--thread-content-margin:--spacing(4)] @[37rem]:[--thread-content-margin:--spacing(6)] @[72rem]:[--thread-content-margin:--spacing(16)] px-(--thread-content-margin)\">\n<div class=\"[--thread-content-max-width:32rem] @[34rem]:[--thread-content-max-width:40rem] @[64rem]:[--thread-content-max-width:48rem] mx-auto flex max-w-(--thread-content-max-width) flex-1 text-base gap-4 md:gap-5 lg:gap-6\">\n<div class=\"max-xs:[--force-hide-label:none] relative z-1 flex h-full max-w-full flex-1 flex-col\" aria-haspopup=\"dialog\" aria-expanded=\"false\" aria-controls=\"radix-\u00abRp4lij59jm595j5\u00bb\" data-state=\"closed\">\n<form class=\"w-full [view-transition-name:var(--vt-composer)]\" data-type=\"unified-composer\">\n<div class=\"bg-token-bg-primary flex w-full cursor-text flex-col items-center justify-center overflow-clip bg-clip-padding contain-inline-size dark:bg-[#303030] shadow-short rounded-[28px]\">\n<div class=\"relative flex w-full items-end px-2.5 py-2.5\">\n<div class=\"relative flex w-full flex-auto flex-col\">\n<div class=\"relative mx-2.5 grid grid-cols-[auto_minmax(0,1fr)]\">\n<div class=\"items-top flex justify-center\">\n<div><\/div>\n<\/div>\n<\/div>\n<\/div>\n<\/div>\n<\/div>\n<\/form>\n<\/div>\n<\/div>\n<\/div>\n<\/div>\n<\/div>\n","protected":false},"excerpt":{"rendered":"<p>El Coordinador de Seguridad de la Municipalidad de General Alvear, Luis Alca\u00edno, brind\u00f3 detalles sobre el funcionamiento y efectividad del sistema &#8230;<\/p>\n","protected":false},"author":7,"featured_media":149966,"comment_status":"open","ping_status":"open","sticky":false,"template":"","format":"standard","meta":{"footnotes":""},"categories":[1],"tags":[],"class_list":["post-149955","post","type-post","status-publish","format-standard","has-post-thumbnail","hentry","category-fmvinas"],"_links":{"self":[{"href":"https:\/\/vinasfm.com\/noticias\/wp-json\/wp\/v2\/posts\/149955","targetHints":{"allow":["GET"]}}],"collection":[{"href":"https:\/\/vinasfm.com\/noticias\/wp-json\/wp\/v2\/posts"}],"about":[{"href":"https:\/\/vinasfm.com\/noticias\/wp-json\/wp\/v2\/types\/post"}],"author":[{"embeddable":true,"href":"https:\/\/vinasfm.com\/noticias\/wp-json\/wp\/v2\/users\/7"}],"replies":[{"embeddable":true,"href":"https:\/\/vinasfm.com\/noticias\/wp-json\/wp\/v2\/comments?post=149955"}],"version-history":[{"count":2,"href":"https:\/\/vinasfm.com\/noticias\/wp-json\/wp\/v2\/posts\/149955\/revisions"}],"predecessor-version":[{"id":149967,"href":"https:\/\/vinasfm.com\/noticias\/wp-json\/wp\/v2\/posts\/149955\/revisions\/149967"}],"wp:featuredmedia":[{"embeddable":true,"href":"https:\/\/vinasfm.com\/noticias\/wp-json\/wp\/v2\/media\/149966"}],"wp:attachment":[{"href":"https:\/\/vinasfm.com\/noticias\/wp-json\/wp\/v2\/media?parent=149955"}],"wp:term":[{"taxonomy":"category","embeddable":true,"href":"https:\/\/vinasfm.com\/noticias\/wp-json\/wp\/v2\/categories?post=149955"},{"taxonomy":"post_tag","embeddable":true,"href":"https:\/\/vinasfm.com\/noticias\/wp-json\/wp\/v2\/tags?post=149955"}],"curies":[{"name":"wp","href":"https:\/\/api.w.org\/{rel}","templated":true}]}}