{"id":149943,"date":"2025-06-23T11:01:03","date_gmt":"2025-06-23T14:01:03","guid":{"rendered":"https:\/\/vinasfm.com\/noticias\/?p=149943"},"modified":"2025-06-24T09:45:25","modified_gmt":"2025-06-24T12:45:25","slug":"detuvieron-a-dos-sujetos-fueron-aprehendidos-por-posesion-de-cocaina","status":"publish","type":"post","link":"https:\/\/vinasfm.com\/noticias\/detuvieron-a-dos-sujetos-fueron-aprehendidos-por-posesion-de-cocaina\/","title":{"rendered":"DETUVIERON A DOS SUJETOS POR POSESI\u00d3N DE COCA\u00cdNA"},"content":{"rendered":"<p data-start=\"81\" data-end=\"457\"><strong>En la madrugada del lunes, cerca de la 01:10 horas, dos personas fueron detenidas en General Alvear tras intentar evadir un control policial. <\/strong><\/p>\n<p data-start=\"81\" data-end=\"457\">El hecho ocurri\u00f3 en la intersecci\u00f3n de las calles Alem y Roque S\u00e1enz Pe\u00f1a, cuando los sujetos que <strong>se movilizaban en una motocicleta Brava 110 cc cruzaron un sem\u00e1foro en rojo y terminaron cayendo a la calzada al perder el control del rodado.<\/strong><\/p>\n<p data-start=\"459\" data-end=\"662\">Los detenidos son <strong>un joven de 16 a\u00f1os y un hombre de 32 a\u00f1os identificado como D.A.F., quien adem\u00e1s posee un pedido de captura vigente desde el a\u00f1o 2021. En el lugar se secuestraron 18 gramos de coca\u00edna.<\/strong><\/p>\n<p data-start=\"664\" data-end=\"934\">El conductor fue aprehendido inmediatamente, mientras que <strong>el menor intent\u00f3 huir pero fue capturado poco despu\u00e9s<\/strong>. D.A.F. fue trasladado al hospital local, donde se le diagnosticaron lesiones leves. Se dio intervenci\u00f3n a la Unidad de Procedimiento de Adolescentes.<\/p>\n<p data-start=\"936\" data-end=\"1130\" data-is-last-node=\"\" data-is-only-node=\"\">La moto fue secuestrada y la Fiscal\u00eda orden\u00f3 actuaciones por resistencia a la autoridad, infracci\u00f3n al art\u00edculo 116 de la Ley 9099, y la realizaci\u00f3n de constancias m\u00e9dicas para ambos implicados.<\/p>\n","protected":false},"excerpt":{"rendered":"<p>En la madrugada del lunes, cerca de la 01:10 horas, dos personas fueron detenidas en General Alvear tras intentar evadir un &#8230;<\/p>\n","protected":false},"author":7,"featured_media":149950,"comment_status":"open","ping_status":"open","sticky":false,"template":"","format":"standard","meta":{"footnotes":""},"categories":[5,4],"tags":[],"class_list":["post-149943","post","type-post","status-publish","format-standard","has-post-thumbnail","hentry","category-actualidad","category-policiales"],"_links":{"self":[{"href":"https:\/\/vinasfm.com\/noticias\/wp-json\/wp\/v2\/posts\/149943","targetHints":{"allow":["GET"]}}],"collection":[{"href":"https:\/\/vinasfm.com\/noticias\/wp-json\/wp\/v2\/posts"}],"about":[{"href":"https:\/\/vinasfm.com\/noticias\/wp-json\/wp\/v2\/types\/post"}],"author":[{"embeddable":true,"href":"https:\/\/vinasfm.com\/noticias\/wp-json\/wp\/v2\/users\/7"}],"replies":[{"embeddable":true,"href":"https:\/\/vinasfm.com\/noticias\/wp-json\/wp\/v2\/comments?post=149943"}],"version-history":[{"count":3,"href":"https:\/\/vinasfm.com\/noticias\/wp-json\/wp\/v2\/posts\/149943\/revisions"}],"predecessor-version":[{"id":149953,"href":"https:\/\/vinasfm.com\/noticias\/wp-json\/wp\/v2\/posts\/149943\/revisions\/149953"}],"wp:featuredmedia":[{"embeddable":true,"href":"https:\/\/vinasfm.com\/noticias\/wp-json\/wp\/v2\/media\/149950"}],"wp:attachment":[{"href":"https:\/\/vinasfm.com\/noticias\/wp-json\/wp\/v2\/media?parent=149943"}],"wp:term":[{"taxonomy":"category","embeddable":true,"href":"https:\/\/vinasfm.com\/noticias\/wp-json\/wp\/v2\/categories?post=149943"},{"taxonomy":"post_tag","embeddable":true,"href":"https:\/\/vinasfm.com\/noticias\/wp-json\/wp\/v2\/tags?post=149943"}],"curies":[{"name":"wp","href":"https:\/\/api.w.org\/{rel}","templated":true}]}}