{"id":149934,"date":"2025-06-22T09:52:20","date_gmt":"2025-06-22T12:52:20","guid":{"rendered":"https:\/\/vinasfm.com\/noticias\/?p=149934"},"modified":"2025-06-23T10:25:47","modified_gmt":"2025-06-23T13:25:47","slug":"defensa-civil-advirtio-por-fuertes-vientos-y-quema-de-malezas-el-dano-es-ambiental-economico-y-cultural","status":"publish","type":"post","link":"https:\/\/vinasfm.com\/noticias\/defensa-civil-advirtio-por-fuertes-vientos-y-quema-de-malezas-el-dano-es-ambiental-economico-y-cultural\/","title":{"rendered":"DEFENSA CIVIL ADVIRTI\u00d3 POR FUERTES VIENTOS Y QUEMA DE MALEZAS: \u00abEL DA\u00d1O ES AMBIENTAL, ECON\u00d3MICO Y CULTURAL\u00bb"},"content":{"rendered":"<h4 data-start=\"113\" data-end=\"404\"><strong><span style=\"color: #003300;\">En di\u00e1logo con FM VI\u00d1AS, el director de Defensa Civil de General Alvear, Javier Velazco, advirti\u00f3 sobre el ingreso de un frente fr\u00edo polar y la activaci\u00f3n de alertas meteorol\u00f3gicas, al tiempo que alert\u00f3 sobre el peligro creciente por la quema de malezas en distintos puntos del departamento.<\/span><\/strong><\/h4>\n<p data-start=\"406\" data-end=\"802\">Velazco recomend\u00f3 tomar precauciones b\u00e1sicas ante la llegada del viento y el descenso de temperatura: <em><strong>\u201cLo ideal es resguardarse en casa, evitar actividades f\u00edsicas y conducir con mucha precauci\u00f3n, porque con viento y polvo la visibilidad se reduce considerablemente\u201d<\/strong><\/em>. Seg\u00fan un informe emitido por el SMN, un frente fr\u00edo ingres\u00f3 al pa\u00eds trayendo con \u00e9l fuertes vientos que afectar\u00e1n a la regi\u00f3n durante los pr\u00f3ximas.<\/p>\n<p data-start=\"804\" data-end=\"1398\">A su vez, expres\u00f3 su preocupaci\u00f3n por el inicio de la temporada de quemas: <strong><em>\u201cLamentablemente ya hemos tenido varios incendios esta semana, todos intencionales. Hay muchas malezas secas y la gente prende fuego sin medir las consecuencias\u201d.<\/em> <\/strong>Velazco remarc\u00f3 que estas acciones no solo provocan cuantiosos da\u00f1os econ\u00f3micos y ambientales, sino que tambi\u00e9n representan un riesgo para la vida humana: <strong><em>\u201cSe queman l\u00edneas el\u00e9ctricas, corren riesgos las personas, los recursos del Estado se agotan. Los bomberos no dan abasto con los m\u00f3viles, y nosotros tenemos que salir a asistir desde la Municipalidad\u201d.<\/em><\/strong><\/p>\n<p data-start=\"1400\" data-end=\"1741\">El funcionario apel\u00f3 a la conciencia social y se\u00f1al\u00f3 que las quemas suelen producirse en propiedades abandonadas, donde luego no se reponen los \u00e1rboles quemados.<strong><em> \u201cEs una cuesti\u00f3n moral. No se puede ir y prender fuego como si nada. Despu\u00e9s sufrimos las consecuencias incluso en verano, con \u00e1rboles calcinados que caen sobre cables o caminos\u201d.<\/em><\/strong><\/p>\n<p data-start=\"1743\" data-end=\"2109\" data-is-last-node=\"\" data-is-only-node=\"\">Finalmente, pidi\u00f3 colaboraci\u00f3n a la ciudadan\u00eda para denunciar este tipo de hechos: <strong><em>\u201cLas multas son altas, pero casi nunca se logra identificar a los responsables. Cuando llegamos, el fuego ya est\u00e1 desbordado y quien lo inici\u00f3 est\u00e1 lejos. Por eso, si ven a alguien prendiendo fuego, no tengan miedo de llamar al 911. Es muy dif\u00edcil frenar esto sin la ayuda de todos\u201d.<\/em><\/strong><\/p>\n","protected":false},"excerpt":{"rendered":"<p>En di\u00e1logo con FM VI\u00d1AS, el director de Defensa Civil de General Alvear, Javier Velazco, advirti\u00f3 sobre el ingreso de un &#8230;<\/p>\n","protected":false},"author":7,"featured_media":149936,"comment_status":"open","ping_status":"open","sticky":false,"template":"","format":"standard","meta":{"footnotes":""},"categories":[51,10],"tags":[],"class_list":["post-149934","post","type-post","status-publish","format-standard","has-post-thumbnail","hentry","category-defensa-civil","category-destacadas"],"_links":{"self":[{"href":"https:\/\/vinasfm.com\/noticias\/wp-json\/wp\/v2\/posts\/149934","targetHints":{"allow":["GET"]}}],"collection":[{"href":"https:\/\/vinasfm.com\/noticias\/wp-json\/wp\/v2\/posts"}],"about":[{"href":"https:\/\/vinasfm.com\/noticias\/wp-json\/wp\/v2\/types\/post"}],"author":[{"embeddable":true,"href":"https:\/\/vinasfm.com\/noticias\/wp-json\/wp\/v2\/users\/7"}],"replies":[{"embeddable":true,"href":"https:\/\/vinasfm.com\/noticias\/wp-json\/wp\/v2\/comments?post=149934"}],"version-history":[{"count":1,"href":"https:\/\/vinasfm.com\/noticias\/wp-json\/wp\/v2\/posts\/149934\/revisions"}],"predecessor-version":[{"id":149937,"href":"https:\/\/vinasfm.com\/noticias\/wp-json\/wp\/v2\/posts\/149934\/revisions\/149937"}],"wp:featuredmedia":[{"embeddable":true,"href":"https:\/\/vinasfm.com\/noticias\/wp-json\/wp\/v2\/media\/149936"}],"wp:attachment":[{"href":"https:\/\/vinasfm.com\/noticias\/wp-json\/wp\/v2\/media?parent=149934"}],"wp:term":[{"taxonomy":"category","embeddable":true,"href":"https:\/\/vinasfm.com\/noticias\/wp-json\/wp\/v2\/categories?post=149934"},{"taxonomy":"post_tag","embeddable":true,"href":"https:\/\/vinasfm.com\/noticias\/wp-json\/wp\/v2\/tags?post=149934"}],"curies":[{"name":"wp","href":"https:\/\/api.w.org\/{rel}","templated":true}]}}