{"id":149917,"date":"2025-06-23T08:47:01","date_gmt":"2025-06-23T11:47:01","guid":{"rendered":"https:\/\/vinasfm.com\/noticias\/?p=149917"},"modified":"2025-06-23T11:37:28","modified_gmt":"2025-06-23T14:37:28","slug":"el-sistema-de-camaras-del-municipio-permitio-rastrear-el-paso-de-un-semirremolque-robado","status":"publish","type":"post","link":"https:\/\/vinasfm.com\/noticias\/el-sistema-de-camaras-del-municipio-permitio-rastrear-el-paso-de-un-semirremolque-robado\/","title":{"rendered":"EL SISTEMA DE C\u00c1MARAS DEL MUNICIPIO PERMITI\u00d3 RASTREAR EL PASO DE UN SEMIRREMOLQUE ROBADO"},"content":{"rendered":"<p><strong><span style=\"color: #003300;\">Gracias al sistema de c\u00e1maras de videovigilancia del Municipio de General Alvear, y al trabajo conjunto con las fuerzas de seguridad, se pudo determinar que el semirremolque robado en ciudad abandon\u00f3 la provincia por Ruta Nacional 188.<\/span><\/strong><\/p>\n<p>Las im\u00e1genes registradas fueron entregadas a la Justicia, lo que permiti\u00f3 avanzar r\u00e1pidamente en la investigaci\u00f3n.<\/p>\n<p>Desde la Municipalidad de General Alvear seguimos trabajando para fortalecer la seguridad y colaborar con la prevenci\u00f3n del delito.<\/p>\n<div style=\"width: 848px;\" class=\"wp-video\"><video class=\"wp-video-shortcode\" id=\"video-149917-1\" width=\"848\" height=\"478\" preload=\"metadata\" controls=\"controls\"><source type=\"video\/mp4\" src=\"https:\/\/vinasfm.com\/noticias\/wp-content\/uploads\/2025\/06\/VID-20250623-WA0017.mp4?_=1\" \/><a href=\"https:\/\/vinasfm.com\/noticias\/wp-content\/uploads\/2025\/06\/VID-20250623-WA0017.mp4\">https:\/\/vinasfm.com\/noticias\/wp-content\/uploads\/2025\/06\/VID-20250623-WA0017.mp4<\/a><\/video><\/div>\n<h2>EL HECHO<\/h2>\n<p data-start=\"95\" data-end=\"345\"><strong>Un robo fue denunciado en la jornada del jueves, luego de que un hombre mayor de edad, identificado como A. L., descubriera la sustracci\u00f3n de un semirremolque que hab\u00eda dejado estacionado en un terreno trasero.<\/strong><\/p>\n<p data-start=\"347\" data-end=\"575\">Seg\u00fan inform\u00f3 la <strong data-start=\"364\" data-end=\"381\">Comisar\u00eda 14\u00b0<\/strong>, el veh\u00edculo se encontraba en el patio trasero de un sal\u00f3n ubicado sobre <strong data-start=\"455\" data-end=\"505\">Ruta 188, frente a la estaci\u00f3n de servicio YPF<\/strong>, donde permanec\u00eda desde hac\u00eda <strong data-start=\"536\" data-end=\"574\">seis d\u00edas sin medidas de seguridad<\/strong>.<\/p>\n<p data-start=\"577\" data-end=\"740\">Tras la denuncia, tom\u00f3 intervenci\u00f3n el <strong data-start=\"616\" data-end=\"644\">Ayudante Fiscal en turno<\/strong>, quien orden\u00f3 las <strong data-start=\"663\" data-end=\"687\">diligencias de rigor<\/strong> para esclarecer el hecho y dar con los responsables.<\/p>\n<p data-start=\"742\" data-end=\"799\" data-is-last-node=\"\" data-is-only-node=\"\">Las autoridades contin\u00faan trabajando en la investigaci\u00f3n.<\/p>\n","protected":false},"excerpt":{"rendered":"<p>Gracias al sistema de c\u00e1maras de videovigilancia del Municipio de General Alvear, y al trabajo conjunto con las fuerzas de seguridad, &#8230;<\/p>\n","protected":false},"author":7,"featured_media":149918,"comment_status":"open","ping_status":"open","sticky":false,"template":"","format":"standard","meta":{"footnotes":""},"categories":[5,33],"tags":[],"class_list":["post-149917","post","type-post","status-publish","format-standard","has-post-thumbnail","hentry","category-actualidad","category-seguridad"],"_links":{"self":[{"href":"https:\/\/vinasfm.com\/noticias\/wp-json\/wp\/v2\/posts\/149917","targetHints":{"allow":["GET"]}}],"collection":[{"href":"https:\/\/vinasfm.com\/noticias\/wp-json\/wp\/v2\/posts"}],"about":[{"href":"https:\/\/vinasfm.com\/noticias\/wp-json\/wp\/v2\/types\/post"}],"author":[{"embeddable":true,"href":"https:\/\/vinasfm.com\/noticias\/wp-json\/wp\/v2\/users\/7"}],"replies":[{"embeddable":true,"href":"https:\/\/vinasfm.com\/noticias\/wp-json\/wp\/v2\/comments?post=149917"}],"version-history":[{"count":2,"href":"https:\/\/vinasfm.com\/noticias\/wp-json\/wp\/v2\/posts\/149917\/revisions"}],"predecessor-version":[{"id":149921,"href":"https:\/\/vinasfm.com\/noticias\/wp-json\/wp\/v2\/posts\/149917\/revisions\/149921"}],"wp:featuredmedia":[{"embeddable":true,"href":"https:\/\/vinasfm.com\/noticias\/wp-json\/wp\/v2\/media\/149918"}],"wp:attachment":[{"href":"https:\/\/vinasfm.com\/noticias\/wp-json\/wp\/v2\/media?parent=149917"}],"wp:term":[{"taxonomy":"category","embeddable":true,"href":"https:\/\/vinasfm.com\/noticias\/wp-json\/wp\/v2\/categories?post=149917"},{"taxonomy":"post_tag","embeddable":true,"href":"https:\/\/vinasfm.com\/noticias\/wp-json\/wp\/v2\/tags?post=149917"}],"curies":[{"name":"wp","href":"https:\/\/api.w.org\/{rel}","templated":true}]}}