{"id":149913,"date":"2025-06-23T08:30:02","date_gmt":"2025-06-23T11:30:02","guid":{"rendered":"https:\/\/vinasfm.com\/noticias\/?p=149913"},"modified":"2025-06-23T11:37:48","modified_gmt":"2025-06-23T14:37:48","slug":"pistolas-taser-drones-y-gas-pimienta-que-municipios-equipan-a-sus-preventores","status":"publish","type":"post","link":"https:\/\/vinasfm.com\/noticias\/pistolas-taser-drones-y-gas-pimienta-que-municipios-equipan-a-sus-preventores\/","title":{"rendered":"PISTOLAS TASER, DRONES Y GAS PIMIENTA: QU\u00c9 MUNICIPIOS EQUIPAN A SUS PREVENTORES"},"content":{"rendered":"<div class=\"news-headline__article-summary\">\n<h4 class=\"ignore-parser\"><span style=\"color: #003300;\"><strong>La ley de seguridad ciudadana que fue aprobada por la Legislatura habilita a los municipios a equipar a sus cuerpos de preventores con un abanico de armas disuasivas y otras herramientas.<\/strong><\/span><\/h4>\n<article class=\"article-body article-body--first-paragraph\" data-td-script-src=\"https:\/\/www.losandes.com.ar\/js-custom\/vendor\/jquery\/jquery-3.6.0.min-min-version-1750565128.js\">Con la\u00a0ley de regulaci\u00f3n de los<strong>\u00a0cuerpos de seguridad ciudadana\u00a0<\/strong>aprobada por la Legislatura provincial, los municipios quedaron habilitados para incorporar armas de baja letalidad a sus cuerpos de\u00a0preventores. Si bien las famosas\u00a0pistolas Taser\u00a0aparecen como las m\u00e1s relevantes, el abanico de dispositivos que se pueden adquirir es m\u00e1s amplio y algunos ya se mueven en pos de eso.<\/article>\n<div class=\"banner banner--in-line banner--no-background\">\n<div class=\"banner__content-wrapper\">\n<div id=\"entreparrafo1\" data-google-query-id=\"CK-1kO-2h44DFd5V3QIdFKomYw\">\n<article class=\"article-body article-body--second-paragraph\">El intendente de\u00a0<a class=\"agrupador\" href=\"https:\/\/www.losandes.com.ar\/temas\/ciudad\" rel=\"536\">Ciudad<\/a>,\u00a0<strong>Ulpiano Su\u00e1rez,\u00a0<\/strong>celebr\u00f3 la sanci\u00f3n de la ley\u00a0y anticip\u00f3 que en un plazo de dos meses, un grupo de\u00a0<strong>30 preventores seleccionados\u00a0<\/strong>y capacitados por el Ministerio de Seguridad, estar\u00e1 en condiciones de portar los dispositivos electr\u00f3nicos que fueron adquiridos mediante una licitaci\u00f3n provincial (130 compr\u00f3 el Gobierno, en general).<\/article>\n<article class=\"article-body article-body--third-paragraph\"><em><strong>\u201cEsa licitaci\u00f3n ya se adjudic\u00f3, o sea que est\u00e1n las\u00a030 pistolas Taser\u00a0para la Ciudad de Mendoza\u201d<\/strong><\/em>, asegur\u00f3 el jefe comunal. Es una inversi\u00f3n de\u00a0<strong>$180 millones<\/strong> la que realiz\u00f3 el municipio para esa compra, advirti\u00f3.<\/article>\n<\/div>\n<\/div>\n<\/div>\n<\/div>\n<div class=\"detail-gallery\">\n<div class=\"detail-gallery__slide-wrapper\">\n<div class=\"detail-gallery__slide\"><img loading=\"lazy\" decoding=\"async\" class=\"aligncenter\" src=\"https:\/\/media.losandes.com.ar\/p\/2429d4b3e4c00254480fd1d8793939bc\/adjuntos\/368\/imagenes\/100\/625\/0100625941\/1000x0\/smart\/el-gobierno-compro-un-centenar-pistolas-taser.jpg\" alt=\"El Gobierno compr\u00f3 un centenar de pistolas Taser.\" width=\"630\" height=\"420\" \/><\/div>\n<div><\/div>\n<div>El intendente explic\u00f3 que tambi\u00e9n invertir\u00e1n en\u00a0<strong>c\u00e1maras corporales<\/strong>\u00a0para registrar la actuaci\u00f3n de cada preventor que porte una de estas armas disuasivas: <strong><em>\u201cVan a portar el dispositivo en un lugar muy visible y vamos a lanzar una licitaci\u00f3n para adquirir c\u00e1maras corporales, para dar m\u00e1s transparencia y seguridad a la ciudadan\u00eda en general en cu\u00e1nto a su utilizaci\u00f3n\u201d.<\/em><\/strong><\/div>\n<div><\/div>\n<div><em><strong>\u201cEstamos hablando de\u00a0dispositivos de baja letalidad, de menor riesgo y que permiten principalmente cumplir una funci\u00f3n disuasiva del delito, porque el protocolo establece\u00a0hacerle saber a la persona que est\u00e1 por cometer un il\u00edcito\u00a0que el agente tiene un dispositivo de estas caracter\u00edsticas. En muchos casos se desiste de esa actitud con el aviso\u201d<\/strong><\/em>, asegur\u00f3 el intendente.<\/div>\n<\/div>\n<\/div>\n<div>\n<h2>General Alvear\u00a0y\u00a0Las Heras\u00a0tambi\u00e9n se equipar\u00e1n<\/h2>\n<p>Adem\u00e1s de Capital, otras comunas que tienen cuerpos de seguridad ciudadana conformados como tales, anticiparon su inter\u00e9s en equiparlos:\u00a0<strong>General Alvear y Las Heras,<\/strong>\u00a0puntualmente.<\/p>\n<p>En el Sur provincial, el municipio gobernado por\u00a0<strong>Alejandro \u00abJany\u00bb Molero<\/strong>\u00a0ir\u00e1 por otros elementos que habilita la ley: un\u00a0<strong>drone<\/strong>\u00a0pensado para la \u201cb\u00fasqueda de personas\u201d y<strong>\u00a0sprays de gas pimienta<\/strong>\u00a0para los 25 agentes que dispone el cuerpo de preventores, oficializado este a\u00f1o.<\/p>\n<p>En mayo pasado General Alvear equip\u00f3 a estos preventores con chalecos t\u00e1cticos y\u00a0<strong>c\u00e1maras corporales<\/strong>, conectadas al Centro de Monitoreo del departamento, para registrar sus actuaciones.<\/p>\n<p><img loading=\"lazy\" decoding=\"async\" class=\"aligncenter\" src=\"https:\/\/media.losandes.com.ar\/p\/deb920e1778192d81fd55e5e5fbd5338\/adjuntos\/368\/imagenes\/100\/631\/0100631513\/1000x0\/smart\/preventores-general-alvear-1-1jpeg.jpeg\" alt=\"C&amp;aacute;maras corporales en chalectos de preventores de General Alvear\" width=\"630\" height=\"571\" \/><\/p>\n<p>En el caso del uso de drones, el agente del cuerpo de seguridad ciudadana encargado de tripularlo, debe tener la certificaci\u00f3n nacional de dicho curso,\u00a0aclararon desde el ministerio.<\/p>\n<p>Mientras que Las Heras avanzar\u00e1 primero con la capacitaci\u00f3n de agentes de\u00a0<strong>Guardia Urbana\u00a0<\/strong>en el uso de esas herramientas y prev\u00e9 equiparse el a\u00f1o pr\u00f3ximo, con el Presupuesto 2026, estimaron desde el entorno del intendente\u00a0<strong>Francisco Lo Presti.<\/strong>\u00a0No descartan sumar pistolas Taser o bien, bastones y gas pimienta. Todo est\u00e1 bajo evaluaci\u00f3n y es parte de un \u201cproceso\u201d, dicen.<\/p>\n<p><strong><em>\u201cHemos ido adelantado algunos cursos con el IUSP, pero ahora con la sanci\u00f3n vamos a\u00a0fortalecer la capacitaci\u00f3n sobre el uso de estas herramientas\u201d<\/em><\/strong>, sostuvo el secretario de Seguridad Ciudadana, Fabi\u00e1n Tello.<\/p>\n<\/div>\n","protected":false},"excerpt":{"rendered":"<p>La ley de seguridad ciudadana que fue aprobada por la Legislatura habilita a los municipios a equipar a sus cuerpos de &#8230;<\/p>\n","protected":false},"author":7,"featured_media":149914,"comment_status":"open","ping_status":"open","sticky":false,"template":"","format":"standard","meta":{"footnotes":""},"categories":[5,33],"tags":[],"class_list":["post-149913","post","type-post","status-publish","format-standard","has-post-thumbnail","hentry","category-actualidad","category-seguridad"],"_links":{"self":[{"href":"https:\/\/vinasfm.com\/noticias\/wp-json\/wp\/v2\/posts\/149913","targetHints":{"allow":["GET"]}}],"collection":[{"href":"https:\/\/vinasfm.com\/noticias\/wp-json\/wp\/v2\/posts"}],"about":[{"href":"https:\/\/vinasfm.com\/noticias\/wp-json\/wp\/v2\/types\/post"}],"author":[{"embeddable":true,"href":"https:\/\/vinasfm.com\/noticias\/wp-json\/wp\/v2\/users\/7"}],"replies":[{"embeddable":true,"href":"https:\/\/vinasfm.com\/noticias\/wp-json\/wp\/v2\/comments?post=149913"}],"version-history":[{"count":2,"href":"https:\/\/vinasfm.com\/noticias\/wp-json\/wp\/v2\/posts\/149913\/revisions"}],"predecessor-version":[{"id":149963,"href":"https:\/\/vinasfm.com\/noticias\/wp-json\/wp\/v2\/posts\/149913\/revisions\/149963"}],"wp:featuredmedia":[{"embeddable":true,"href":"https:\/\/vinasfm.com\/noticias\/wp-json\/wp\/v2\/media\/149914"}],"wp:attachment":[{"href":"https:\/\/vinasfm.com\/noticias\/wp-json\/wp\/v2\/media?parent=149913"}],"wp:term":[{"taxonomy":"category","embeddable":true,"href":"https:\/\/vinasfm.com\/noticias\/wp-json\/wp\/v2\/categories?post=149913"},{"taxonomy":"post_tag","embeddable":true,"href":"https:\/\/vinasfm.com\/noticias\/wp-json\/wp\/v2\/tags?post=149913"}],"curies":[{"name":"wp","href":"https:\/\/api.w.org\/{rel}","templated":true}]}}