{"id":149903,"date":"2025-06-22T12:24:31","date_gmt":"2025-06-22T15:24:31","guid":{"rendered":"https:\/\/vinasfm.com\/noticias\/?p=149903"},"modified":"2025-06-23T09:52:52","modified_gmt":"2025-06-23T12:52:52","slug":"un-hombre-fue-aprehendido-por-circular-en-motocicleta-sin-documentacion","status":"publish","type":"post","link":"https:\/\/vinasfm.com\/noticias\/un-hombre-fue-aprehendido-por-circular-en-motocicleta-sin-documentacion\/","title":{"rendered":"UN HOMBRE FUE APREHENDIDO POR CIRCULAR EN MOTOCICLETA SIN DOCUMENTACI\u00d3N"},"content":{"rendered":"<h4>\u00a0<span style=\"color: #003366;\"><strong>Un hombre de 37 a\u00f1os, identificado como Abrah\u00e1n R., fue aprehendido en la tarde del s\u00e1bado, en la intersecci\u00f3n de las calles Centenario y Rivadavia, luego de ser detectado por efectivos de la Unidad Motorizada de Acci\u00f3n R\u00e1pida (UMAR) conduciendo una motocicleta sin la documentaci\u00f3n reglamentaria.<\/strong><\/span><\/h4>\n<p>Seg\u00fan informaron fuentes policiales de la Comisar\u00eda 14\u00b0 de General Alvear, <strong>los efectivos de la UMAR se encontraban realizando maniobras operativas en la v\u00eda p\u00fablica cuando divisaron al conductor de una motocicleta marca Brava, color negra, de 110cc.<\/strong> El rodado, adem\u00e1s, <strong>circulaba sin chapa dominio y con faltante de carenados.<\/strong><\/p>\n<p>Al ser interceptado, los agentes le solicitaron a Abrah\u00e1n R. la documentaci\u00f3n correspondiente del veh\u00edculo, a lo que <strong>el hombre adujo no poseer ninguna acreditaci\u00f3n de propiedad.<\/strong> Ante esta situaci\u00f3n, y en cumplimiento del Art\u00edculo 116 de la Ley N\u00b0 9099\/18, se procedi\u00f3 a su traslado a sede policial.<\/p>\n<p>Abrah\u00e1n R. <strong>qued\u00f3 a disposici\u00f3n de la justicia, y se espera que en las pr\u00f3ximas horas se defina su situaci\u00f3n legal.<\/strong> La motocicleta fue secuestrada y trasladada a la dependencia policial para los tr\u00e1mites correspondientes.<\/p>\n","protected":false},"excerpt":{"rendered":"<p>\u00a0Un hombre de 37 a\u00f1os, identificado como Abrah\u00e1n R., fue aprehendido en la tarde del s\u00e1bado, en la intersecci\u00f3n de las &#8230;<\/p>\n","protected":false},"author":7,"featured_media":149560,"comment_status":"open","ping_status":"open","sticky":false,"template":"","format":"standard","meta":{"footnotes":""},"categories":[5,4],"tags":[],"class_list":["post-149903","post","type-post","status-publish","format-standard","has-post-thumbnail","hentry","category-actualidad","category-policiales"],"_links":{"self":[{"href":"https:\/\/vinasfm.com\/noticias\/wp-json\/wp\/v2\/posts\/149903","targetHints":{"allow":["GET"]}}],"collection":[{"href":"https:\/\/vinasfm.com\/noticias\/wp-json\/wp\/v2\/posts"}],"about":[{"href":"https:\/\/vinasfm.com\/noticias\/wp-json\/wp\/v2\/types\/post"}],"author":[{"embeddable":true,"href":"https:\/\/vinasfm.com\/noticias\/wp-json\/wp\/v2\/users\/7"}],"replies":[{"embeddable":true,"href":"https:\/\/vinasfm.com\/noticias\/wp-json\/wp\/v2\/comments?post=149903"}],"version-history":[{"count":1,"href":"https:\/\/vinasfm.com\/noticias\/wp-json\/wp\/v2\/posts\/149903\/revisions"}],"predecessor-version":[{"id":149904,"href":"https:\/\/vinasfm.com\/noticias\/wp-json\/wp\/v2\/posts\/149903\/revisions\/149904"}],"wp:featuredmedia":[{"embeddable":true,"href":"https:\/\/vinasfm.com\/noticias\/wp-json\/wp\/v2\/media\/149560"}],"wp:attachment":[{"href":"https:\/\/vinasfm.com\/noticias\/wp-json\/wp\/v2\/media?parent=149903"}],"wp:term":[{"taxonomy":"category","embeddable":true,"href":"https:\/\/vinasfm.com\/noticias\/wp-json\/wp\/v2\/categories?post=149903"},{"taxonomy":"post_tag","embeddable":true,"href":"https:\/\/vinasfm.com\/noticias\/wp-json\/wp\/v2\/tags?post=149903"}],"curies":[{"name":"wp","href":"https:\/\/api.w.org\/{rel}","templated":true}]}}