{"id":149874,"date":"2025-06-21T10:18:19","date_gmt":"2025-06-21T13:18:19","guid":{"rendered":"https:\/\/vinasfm.com\/noticias\/?p=149874"},"modified":"2025-06-23T11:39:14","modified_gmt":"2025-06-23T14:39:14","slug":"el-cuerpo-de-infanteria-manuel-belgrano-celebro-un-nuevo-aniversario","status":"publish","type":"post","link":"https:\/\/vinasfm.com\/noticias\/el-cuerpo-de-infanteria-manuel-belgrano-celebro-un-nuevo-aniversario\/","title":{"rendered":"EL CUERPO DE INFANTER\u00cdA \u201cMANUEL BELGRANO\u201d CELEBR\u00d3 UN NUEVO ANIVERSARIO"},"content":{"rendered":"<h4><strong><span style=\"color: #003300;\">Con 85 a\u00f1os de historia, esta unidad especializada fue reconocida por su labor en la seguridad ciudadana. El acto fue encabezado por la ministra Mercedes Rus.<\/span><\/strong><\/h4>\n<p>El <strong>Cuerpo de Infanter\u00eda <em>\u201cManuel Belgrano\u201d<\/em><\/strong> conmemor\u00f3 el 85\u00b0 aniversario de su creaci\u00f3n, poniendo en valor su papel fundamental en las tareas de seguridad y resguardo de la ciudadan\u00eda. El acto incluy\u00f3 un desfile y fue presidido por <em>la ministra de Seguridad y Justicia<\/em>, <span style=\"color: #003366;\"><strong>Mercedes Rus<\/strong><\/span>, acompa\u00f1ada por el <em>director general de Relaciones con la Comunidad<\/em>, <span style=\"color: #003366;\"><strong>Hern\u00e1n Amat<\/strong><\/span>; el <em>subdirector de Polic\u00eda<\/em>, <span style=\"color: #003366;\"><strong>comisario general Roberto Favaro<\/strong><\/span>; el <em>jefe del Cuerpo de Infanter\u00eda<\/em>, <span style=\"color: #003366;\"><strong>subcomisario Gast\u00f3n Bilur\u00f3n<\/strong><\/span>, y autoridades de los cuerpos especiales de la Polic\u00eda de Mendoza.<\/p>\n<p>La ceremonia, organizada para recordar la fundaci\u00f3n de esta unidad especializada durante la d\u00e9cada de 1940, se desarroll\u00f3 en <strong>el Parque General San Mart\u00edn y reuni\u00f3 a efectivos actuales, retirados, familiares y vecinos que reconocen el rol de la fuerza en la historia provincial.<\/strong><\/p>\n<p>Durante su discurso, la ministra Rus se\u00f1al\u00f3: <strong><em>\u201cEs una unidad fundamental en el servicio de seguridad y en el orden, y son ustedes tambi\u00e9n copart\u00edcipes de la convivencia, sobre todo en esos momentos de m\u00e1s tensi\u00f3n y conflicto. Por todo ese trabajo, agradecemos hoy, en este nuevo aniversario, la labor realizada hasta aqu\u00ed, pero tambi\u00e9n la labor que vendr\u00e1 y los nuevos desaf\u00edos que se avecinan\u201d.<\/em><\/strong><\/p>\n<p><img loading=\"lazy\" decoding=\"async\" class=\"\" src=\"https:\/\/www.mendoza.gov.ar\/wp-content\/uploads\/sites\/5\/2025\/06\/WhatsApp-Image-2025-06-20-at-14.41.14-700x466.jpeg\" width=\"349\" height=\"232\" \/> <img loading=\"lazy\" decoding=\"async\" class=\"\" src=\"https:\/\/www.mendoza.gov.ar\/wp-content\/uploads\/sites\/5\/2025\/06\/WhatsApp-Image-2025-06-20-at-14.41.18-1-700x466.jpeg\" width=\"348\" height=\"232\" \/><\/p>\n<h2><strong>Or\u00edgenes del Cuerpo de Infanter\u00eda \u201cManuel Belgrano\u201d<\/strong><\/h2>\n<p>Los inicios de esta unidad<strong> se remontan a una etapa de creciente complejidad social, cuando la Polic\u00eda deb\u00eda enfrentar delitos perpetrados por grupos organizados que superaban la capacidad de respuesta convencional.<\/strong> Fue en ese contexto que, en 1945, se conform\u00f3 el Cuerpo de Guardia de Seguridad de Infanter\u00eda, como respuesta a los nuevos desaf\u00edos.<\/p>\n<p>En reconocimiento a su eficacia y compromiso, el 16 de julio de 1955 la unidad fue rebautizada como Cuerpo de Guardia de Seguridad de Infanter\u00eda <em>\u201cGeneral Manuel Belgrano\u201d<\/em>, y se estableci\u00f3 el 20 de junio como su fecha conmemorativa oficial. Posteriormente, en febrero de 1963, se aprob\u00f3 y autoriz\u00f3 el uso de un distintivo representativo, que reforz\u00f3 su identidad y su reconocimiento dentro de las fuerzas de seguridad del pa\u00eds.<\/p>\n<p><img loading=\"lazy\" decoding=\"async\" class=\"aligncenter\" src=\"https:\/\/www.mendoza.gov.ar\/wp-content\/uploads\/sites\/5\/2025\/06\/WhatsApp-Image-2025-06-20-at-14.41.15-1-700x466.jpeg\" width=\"605\" height=\"403\" \/><\/p>\n<p>En un mensaje cargado de sentido hist\u00f3rico, <span style=\"color: #003366;\"><strong>Mercedes Rus<\/strong> <\/span>inst\u00f3 a los presentes a inspirarse en la figura que da nombre a la unidad. Y expres\u00f3: <em><strong>\u201cOjal\u00e1 sepan ustedes tambi\u00e9n separarse de los privilegios, de la comodidad, y asumir el riesgo como lo hizo Belgrano, que dej\u00f3 la pluma y empu\u00f1\u00f3 la espada. Porque la historia de los grandes hombres y mujeres se forja en la grieta donde cede la comodidad y le da paso al valor\u201d.<\/strong><\/em><\/p>\n","protected":false},"excerpt":{"rendered":"<p>Con 85 a\u00f1os de historia, esta unidad especializada fue reconocida por su labor en la seguridad ciudadana. El acto fue encabezado &#8230;<\/p>\n","protected":false},"author":7,"featured_media":149875,"comment_status":"open","ping_status":"open","sticky":false,"template":"","format":"standard","meta":{"footnotes":""},"categories":[77,33],"tags":[],"class_list":["post-149874","post","type-post","status-publish","format-standard","has-post-thumbnail","hentry","category-gobierno","category-seguridad"],"_links":{"self":[{"href":"https:\/\/vinasfm.com\/noticias\/wp-json\/wp\/v2\/posts\/149874","targetHints":{"allow":["GET"]}}],"collection":[{"href":"https:\/\/vinasfm.com\/noticias\/wp-json\/wp\/v2\/posts"}],"about":[{"href":"https:\/\/vinasfm.com\/noticias\/wp-json\/wp\/v2\/types\/post"}],"author":[{"embeddable":true,"href":"https:\/\/vinasfm.com\/noticias\/wp-json\/wp\/v2\/users\/7"}],"replies":[{"embeddable":true,"href":"https:\/\/vinasfm.com\/noticias\/wp-json\/wp\/v2\/comments?post=149874"}],"version-history":[{"count":2,"href":"https:\/\/vinasfm.com\/noticias\/wp-json\/wp\/v2\/posts\/149874\/revisions"}],"predecessor-version":[{"id":149965,"href":"https:\/\/vinasfm.com\/noticias\/wp-json\/wp\/v2\/posts\/149874\/revisions\/149965"}],"wp:featuredmedia":[{"embeddable":true,"href":"https:\/\/vinasfm.com\/noticias\/wp-json\/wp\/v2\/media\/149875"}],"wp:attachment":[{"href":"https:\/\/vinasfm.com\/noticias\/wp-json\/wp\/v2\/media?parent=149874"}],"wp:term":[{"taxonomy":"category","embeddable":true,"href":"https:\/\/vinasfm.com\/noticias\/wp-json\/wp\/v2\/categories?post=149874"},{"taxonomy":"post_tag","embeddable":true,"href":"https:\/\/vinasfm.com\/noticias\/wp-json\/wp\/v2\/tags?post=149874"}],"curies":[{"name":"wp","href":"https:\/\/api.w.org\/{rel}","templated":true}]}}