{"id":149861,"date":"2025-06-20T11:48:14","date_gmt":"2025-06-20T14:48:14","guid":{"rendered":"https:\/\/vinasfm.com\/noticias\/?p=149861"},"modified":"2025-06-23T11:39:35","modified_gmt":"2025-06-23T14:39:35","slug":"avanzan-las-obras-en-rutas-153-y-171","status":"publish","type":"post","link":"https:\/\/vinasfm.com\/noticias\/avanzan-las-obras-en-rutas-153-y-171\/","title":{"rendered":"AVANZAN LAS OBRAS EN RUTAS 153 Y 171"},"content":{"rendered":"<p><strong>Ya se instal\u00f3 la planta de asfalto en \u00d1acu\u00f1\u00e1n y el lunes comienzan tareas de magnitud en Monte Com\u00e1n. La velocidad m\u00e1xima permitida es de 60 kil\u00f3metros por hora.<\/strong><\/p>\n<p>Con trabajos de bacheo y bacheo mecanizado, ensanche y nivelaci\u00f3n de banquina y limpieza, avanzan las obras previas a la repavimentaci\u00f3n de las rutas provinciales 153 y 171, que unen las localidades de Las Catitas (Santa Rosa) con Monte Coman (San Rafael) y esta \u00faltima con Real del Padre (San Rafael).<\/p>\n<p>Adem\u00e1s, la firma contratista ya instal\u00f3 sobre la RP 153 la planta de asfalto que comenzar\u00e1 a operar en el mediano plazo, mientras que el lunes 23 de junio se comienza con las obras de reclamado de la RP 171, en un tramo de 1 kil\u00f3metro y en media calzada, desde la calle Mar del Plata de Monte Com\u00e1n hacia el sur.<\/p>\n<p>El reclamado consiste en triturar el viejo asfalto que no sirve como est\u00e1 por su gran deterioro y reutilizarlo, ya molido, como una base fuerte de la nueva carpeta asf\u00e1ltica que se colocar\u00e1 en el futuro. Este proceso de reclamado se aplicar\u00e1 en toda la extensi\u00f3n de la RP 171.<\/p>\n<p>As\u00ed, un total de 180 kil\u00f3metros del corredor log\u00edstico, comercial y productivo Este-Sur, que conforman las RP 153 y 17, quedar\u00e1n completamente renovados, gracias a la financiaci\u00f3n prevista con el Fondo del Resarcimiento de la Promoci\u00f3n Industrial.<\/p>\n<p>Velocidad m\u00e1xima permitida<\/p>\n<p>Mientras tanto, las obras, ya permanentes sobre distintos tramos de la calzada de ambas rutas, con la presencia de operarios y equipos, como tambi\u00e9n el gran deterioro que presenta el camino a\u00fan con las intervenciones de bacheo, imponen a los conductores que la transitan m\u00e1xima precauci\u00f3n y un l\u00edmite de velocidad al volante.<\/p>\n<p>&nbsp;<\/p>\n<p>La velocidad m\u00e1xima permitida en todo el tramo por el estado de las rutas y las obras que se ejecutan es de 60 kil\u00f3metros por hora, y de 40 kil\u00f3metros por hora en los sectores donde se est\u00e9n haciendo obras, para preservar la seguridad de los conductores y tambi\u00e9n de los operarios.<\/p>\n<p>La renovaci\u00f3n de las RP 153 y 171 demandar\u00e1 entre ocho meses y un a\u00f1o. La primera etapa de la RP 153, entre Las Catitas y \u00d1acu\u00f1\u00e1n, tiene un plazo de 12 meses. La segunda etapa de la misma ruta, entre \u00d1acu\u00f1\u00e1n y Monte Com\u00e1n, prev\u00e9 un plazo de 10 meses, y para los 36 kil\u00f3metros de la RP 171 desde Monte Com\u00e1n hasta Real del Padre hay previsto un plazo de ejecuci\u00f3n <del>de<\/del> 8 meses.<\/p>\n","protected":false},"excerpt":{"rendered":"<p>Ya se instal\u00f3 la planta de asfalto en \u00d1acu\u00f1\u00e1n y el lunes comienzan tareas de magnitud en Monte Com\u00e1n. La velocidad &#8230;<\/p>\n","protected":false},"author":7,"featured_media":149862,"comment_status":"open","ping_status":"open","sticky":false,"template":"","format":"standard","meta":{"footnotes":""},"categories":[5,29],"tags":[],"class_list":["post-149861","post","type-post","status-publish","format-standard","has-post-thumbnail","hentry","category-actualidad","category-obras-y-servicios"],"_links":{"self":[{"href":"https:\/\/vinasfm.com\/noticias\/wp-json\/wp\/v2\/posts\/149861","targetHints":{"allow":["GET"]}}],"collection":[{"href":"https:\/\/vinasfm.com\/noticias\/wp-json\/wp\/v2\/posts"}],"about":[{"href":"https:\/\/vinasfm.com\/noticias\/wp-json\/wp\/v2\/types\/post"}],"author":[{"embeddable":true,"href":"https:\/\/vinasfm.com\/noticias\/wp-json\/wp\/v2\/users\/7"}],"replies":[{"embeddable":true,"href":"https:\/\/vinasfm.com\/noticias\/wp-json\/wp\/v2\/comments?post=149861"}],"version-history":[{"count":1,"href":"https:\/\/vinasfm.com\/noticias\/wp-json\/wp\/v2\/posts\/149861\/revisions"}],"predecessor-version":[{"id":149863,"href":"https:\/\/vinasfm.com\/noticias\/wp-json\/wp\/v2\/posts\/149861\/revisions\/149863"}],"wp:featuredmedia":[{"embeddable":true,"href":"https:\/\/vinasfm.com\/noticias\/wp-json\/wp\/v2\/media\/149862"}],"wp:attachment":[{"href":"https:\/\/vinasfm.com\/noticias\/wp-json\/wp\/v2\/media?parent=149861"}],"wp:term":[{"taxonomy":"category","embeddable":true,"href":"https:\/\/vinasfm.com\/noticias\/wp-json\/wp\/v2\/categories?post=149861"},{"taxonomy":"post_tag","embeddable":true,"href":"https:\/\/vinasfm.com\/noticias\/wp-json\/wp\/v2\/tags?post=149861"}],"curies":[{"name":"wp","href":"https:\/\/api.w.org\/{rel}","templated":true}]}}