{"id":149849,"date":"2025-06-20T09:07:00","date_gmt":"2025-06-20T12:07:00","guid":{"rendered":"https:\/\/vinasfm.com\/noticias\/?p=149849"},"modified":"2025-06-21T11:47:30","modified_gmt":"2025-06-21T14:47:30","slug":"el-smn-emitio-un-alerta-especial-por-intensas-bajas-temperaturas-en-argentina","status":"publish","type":"post","link":"https:\/\/vinasfm.com\/noticias\/el-smn-emitio-un-alerta-especial-por-intensas-bajas-temperaturas-en-argentina\/","title":{"rendered":"EL SMN EMITI\u00d3 UN ALERTA ESPECIAL POR INTENSAS BAJAS TEMPERATURAS EN ARGENTINA"},"content":{"rendered":"<h4 data-start=\"140\" data-end=\"337\"><strong><span style=\"color: #003300;\">El Servicio Meteorol\u00f3gico Nacional (SMN) emiti\u00f3 un informe meteorol\u00f3gico especial ante la llegada de una intensa ola de fr\u00edo que afectar\u00e1 a gran parte del pa\u00eds entre el 21 y el 28 de junio.<\/span><\/strong><\/h4>\n<p data-start=\"339\" data-end=\"650\">Seg\u00fan el informe, a partir del <strong data-start=\"370\" data-end=\"383\">s\u00e1bado 21<\/strong> ingresar\u00e1 una <strong data-start=\"398\" data-end=\"435\">masa de aire fr\u00edo de origen polar<\/strong> por la regi\u00f3n patag\u00f3nica, desplaz\u00e1ndose luego hacia el centro del pa\u00eds el <strong data-start=\"510\" data-end=\"524\">domingo 22<\/strong>, y llegando al Litoral el <strong data-start=\"551\" data-end=\"563\">lunes 23<\/strong>, lo que provocar\u00e1 un marcado descenso de temperaturas en todas las regiones afectadas.<\/p>\n<p data-start=\"652\" data-end=\"1036\">En la <strong data-start=\"658\" data-end=\"671\">Patagonia<\/strong>, se esperan temperaturas m\u00ednimas de <strong data-start=\"708\" data-end=\"723\">-10\u00b0C a 2\u00b0C<\/strong> y m\u00e1ximas entre <strong data-start=\"740\" data-end=\"755\">-2\u00b0C y 12\u00b0C<\/strong>. En tanto, en la <strong data-start=\"773\" data-end=\"800\">franja central del pa\u00eds<\/strong>, entre el domingo 22 y el lunes 23, se prev\u00e9n m\u00ednimas de <strong data-start=\"858\" data-end=\"872\">-5\u00b0C a 2\u00b0C<\/strong> y m\u00e1ximas de <strong data-start=\"886\" data-end=\"900\">6\u00b0C a 11\u00b0C<\/strong>. Finalmente, en el <strong data-start=\"920\" data-end=\"931\">Litoral<\/strong>, las temperaturas descender\u00e1n desde el lunes con m\u00ednimas de <strong data-start=\"992\" data-end=\"1006\">-2\u00b0C a 6\u00b0C<\/strong> y m\u00e1ximas de <strong data-start=\"1020\" data-end=\"1035\">11\u00b0C a 16\u00b0C<\/strong>.<\/p>\n<p data-start=\"1038\" data-end=\"1353\">El ingreso del aire polar estar\u00e1 acompa\u00f1ado de <strong data-start=\"1085\" data-end=\"1124\">vientos intensos del sur y sudoeste<\/strong>, especialmente entre el s\u00e1bado y domingo. Las zonas m\u00e1s afectadas ser\u00e1n <strong data-start=\"1197\" data-end=\"1209\">La Pampa<\/strong>, el sur y oeste de <strong data-start=\"1229\" data-end=\"1245\">Buenos Aires<\/strong>, <strong data-start=\"1247\" data-end=\"1259\">San Luis<\/strong> y <strong data-start=\"1262\" data-end=\"1273\">Mendoza<\/strong>, con r\u00e1fagas de viento que podr\u00edan alcanzar velocidades entre <strong data-start=\"1336\" data-end=\"1352\">70 y 90 km\/h<\/strong>.<\/p>\n<p data-start=\"1355\" data-end=\"1597\">Adem\u00e1s, se anticipa la posible aparici\u00f3n de <strong data-start=\"1399\" data-end=\"1441\">chaparrones de lluvia y nieve mezclada<\/strong>, sobre todo en <strong data-start=\"1457\" data-end=\"1498\">la Patagonia y el sur de Buenos Aires<\/strong>, sin descartar su avance hacia el centro y norte de esa provincia durante la noche del domingo 22.<\/p>\n<p data-start=\"1599\" data-end=\"1814\">Por \u00faltimo, el SMN advierte que un <strong data-start=\"1634\" data-end=\"1665\">nuevo ingreso de aire polar<\/strong> podr\u00eda producirse entre el <strong data-start=\"1693\" data-end=\"1721\">mi\u00e9rcoles 25 y jueves 26<\/strong>, generando un <strong data-start=\"1736\" data-end=\"1774\">nuevo descenso de las temperaturas<\/strong> en gran parte del territorio nacional.<\/p>\n<p data-start=\"1816\" data-end=\"1974\" data-is-last-node=\"\" data-is-only-node=\"\">Se recomienda a la poblaci\u00f3n mantenerse informada a trav\u00e9s de los canales oficiales del SMN y tomar precauciones ante las condiciones meteorol\u00f3gicas adversas.<\/p>\n<h2 data-start=\"1816\" data-end=\"1974\">EL INFORME<\/h2>\n<hr \/>\n<p><a href=\"https:\/\/vinasfm.com\/noticias\/wp-content\/uploads\/2025\/06\/IMG-20250619-WA0195.jpg\"><br \/>\n<img loading=\"lazy\" decoding=\"async\" class=\"wp-image-149848 aligncenter\" src=\"https:\/\/vinasfm.com\/noticias\/wp-content\/uploads\/2025\/06\/IMG-20250619-WA0195.jpg\" alt=\"\" width=\"600\" height=\"743\" srcset=\"https:\/\/vinasfm.com\/noticias\/wp-content\/uploads\/2025\/06\/IMG-20250619-WA0195.jpg 720w, https:\/\/vinasfm.com\/noticias\/wp-content\/uploads\/2025\/06\/IMG-20250619-WA0195-242x300.jpg 242w\" sizes=\"auto, (max-width: 600px) 100vw, 600px\" \/><\/a><\/p>\n","protected":false},"excerpt":{"rendered":"<p>El Servicio Meteorol\u00f3gico Nacional (SMN) emiti\u00f3 un informe meteorol\u00f3gico especial ante la llegada de una intensa ola de fr\u00edo que afectar\u00e1 &#8230;<\/p>\n","protected":false},"author":7,"featured_media":149851,"comment_status":"open","ping_status":"open","sticky":false,"template":"","format":"standard","meta":{"footnotes":""},"categories":[17,10],"tags":[],"class_list":["post-149849","post","type-post","status-publish","format-standard","has-post-thumbnail","hentry","category-clima","category-destacadas"],"_links":{"self":[{"href":"https:\/\/vinasfm.com\/noticias\/wp-json\/wp\/v2\/posts\/149849","targetHints":{"allow":["GET"]}}],"collection":[{"href":"https:\/\/vinasfm.com\/noticias\/wp-json\/wp\/v2\/posts"}],"about":[{"href":"https:\/\/vinasfm.com\/noticias\/wp-json\/wp\/v2\/types\/post"}],"author":[{"embeddable":true,"href":"https:\/\/vinasfm.com\/noticias\/wp-json\/wp\/v2\/users\/7"}],"replies":[{"embeddable":true,"href":"https:\/\/vinasfm.com\/noticias\/wp-json\/wp\/v2\/comments?post=149849"}],"version-history":[{"count":2,"href":"https:\/\/vinasfm.com\/noticias\/wp-json\/wp\/v2\/posts\/149849\/revisions"}],"predecessor-version":[{"id":149852,"href":"https:\/\/vinasfm.com\/noticias\/wp-json\/wp\/v2\/posts\/149849\/revisions\/149852"}],"wp:featuredmedia":[{"embeddable":true,"href":"https:\/\/vinasfm.com\/noticias\/wp-json\/wp\/v2\/media\/149851"}],"wp:attachment":[{"href":"https:\/\/vinasfm.com\/noticias\/wp-json\/wp\/v2\/media?parent=149849"}],"wp:term":[{"taxonomy":"category","embeddable":true,"href":"https:\/\/vinasfm.com\/noticias\/wp-json\/wp\/v2\/categories?post=149849"},{"taxonomy":"post_tag","embeddable":true,"href":"https:\/\/vinasfm.com\/noticias\/wp-json\/wp\/v2\/tags?post=149849"}],"curies":[{"name":"wp","href":"https:\/\/api.w.org\/{rel}","templated":true}]}}