{"id":149845,"date":"2025-06-20T08:50:23","date_gmt":"2025-06-20T11:50:23","guid":{"rendered":"https:\/\/vinasfm.com\/noticias\/?p=149845"},"modified":"2025-06-21T11:47:49","modified_gmt":"2025-06-21T14:47:49","slug":"lucha-antigranizo-el-municipio-de-general-alvear-inicia-el-debate-para-una-nueva-etapa-de-proteccion-productiva","status":"publish","type":"post","link":"https:\/\/vinasfm.com\/noticias\/lucha-antigranizo-el-municipio-de-general-alvear-inicia-el-debate-para-una-nueva-etapa-de-proteccion-productiva\/","title":{"rendered":"LUCHA ANTIGRANIZO: EL MUNICIPIO DE GENERAL ALVEAR INICIA EL DEBATE PARA UNA NUEVA ETAPA DE PROTECCI\u00d3N PRODUCTIVA"},"content":{"rendered":"<p data-start=\"118\" data-end=\"468\"><span style=\"color: #003300;\"><strong>El secretario de Desarrollo y Promoci\u00f3n Departamental, Ing. Hugo Molina, confirm\u00f3 en di\u00e1logo con FM VI\u00d1AS que el municipio se prepara para una nueva instancia de discusi\u00f3n sobre la continuidad y fortalecimiento del Sistema de Lucha Antigranizo, tras la finalizaci\u00f3n de la ordenanza excepcional aplicada durante la \u00faltima temporada.<\/strong><\/span><\/p>\n<p data-start=\"470\" data-end=\"926\">Molina inform\u00f3 que<strong> tanto General Alvear como San Rafael ya cancelaron las cuotas correspondientes<\/strong> al sistema de protecci\u00f3n que se implement\u00f3 de manera extraordinaria. Sin embargo, los recursos recaudados no ser\u00e1n suficientes para cubrir la totalidad del financiamiento. <em><strong>\u201cNuestra ordenanza ten\u00eda un plazo de 15 meses y ya est\u00e1 por terminar. No se va a alcanzar a recaudar todo lo previsto, por lo tanto hay que empezar a planificar\u201d<\/strong><\/em>, expres\u00f3 el funcionario.<\/p>\n<p data-start=\"928\" data-end=\"1353\">Aunque desde el municipio consideran que el sistema <strong data-start=\"980\" data-end=\"1002\">mostr\u00f3 efectividad<\/strong>, <span style=\"color: #003366;\"><strong>Molina<\/strong> <\/span>fue claro al se\u00f1alar que su continuidad no puede depender \u00fanicamente del gobierno local. <em><strong>\u201cLa lucha antigranizo requiere mucho m\u00e1s que la intenci\u00f3n del municipio. Se necesita el respaldo de organizaciones de productores y una visi\u00f3n conjunta. Esto no es un capricho, tiene que apoyarse en lo cient\u00edfico, lo pr\u00e1ctico y lo estad\u00edstico\u201d<\/strong><\/em>, remarc\u00f3.<\/p>\n<p data-start=\"1355\" data-end=\"1719\">El ingeniero tambi\u00e9n se\u00f1al\u00f3 que, hasta el momento, no ha habido se\u00f1ales concretas de estas partes, aunque estim\u00f3 que pronto comenzar\u00e1n las reuniones y mesas de di\u00e1logo. \u201c<em><strong>Ya est\u00e1n haciendo un cierre de temporada la mayor\u00eda de los actores, y en breve deberemos sentarnos a conversar, plantear los desaf\u00edos y construir una propuesta viable\u201d<\/strong><\/em>, afirm\u00f3.<\/p>\n<p data-start=\"1721\" data-end=\"2095\">La implementaci\u00f3n de la lucha antigranizo ha sido uno de los temas m\u00e1s discutidos en el \u00e1mbito agropecuario local, especialmente tras los episodios clim\u00e1ticos que afectaron a diversas zonas productivas en temporadas anteriores. Para Molina, la clave estar\u00e1 en construir consensos: <em><strong>\u201cNo se trata de ser optimista o pesimista, sino de trabajar con datos y compromiso conjunto\u201d.<\/strong><\/em><\/p>\n<p data-start=\"2097\" data-end=\"2383\" data-is-last-node=\"\" data-is-only-node=\"\">Con la temporada agr\u00edcola en su fase final, el municipio abre el juego a una nueva etapa de an\u00e1lisis y propuestas, donde <strong data-start=\"2218\" data-end=\"2282\">la participaci\u00f3n activa de los productores ser\u00e1 determinante<\/strong> para definir el futuro de esta herramienta clave para la defensa de la producci\u00f3n en General Alvear.<\/p>\n","protected":false},"excerpt":{"rendered":"<p>El secretario de Desarrollo y Promoci\u00f3n Departamental, Ing. Hugo Molina, confirm\u00f3 en di\u00e1logo con FM VI\u00d1AS que el municipio se prepara &#8230;<\/p>\n","protected":false},"author":7,"featured_media":149846,"comment_status":"open","ping_status":"open","sticky":false,"template":"","format":"standard","meta":{"footnotes":""},"categories":[197,78],"tags":[],"class_list":["post-149845","post","type-post","status-publish","format-standard","has-post-thumbnail","hentry","category-lucha-antigranizo","category-municipalidad"],"_links":{"self":[{"href":"https:\/\/vinasfm.com\/noticias\/wp-json\/wp\/v2\/posts\/149845","targetHints":{"allow":["GET"]}}],"collection":[{"href":"https:\/\/vinasfm.com\/noticias\/wp-json\/wp\/v2\/posts"}],"about":[{"href":"https:\/\/vinasfm.com\/noticias\/wp-json\/wp\/v2\/types\/post"}],"author":[{"embeddable":true,"href":"https:\/\/vinasfm.com\/noticias\/wp-json\/wp\/v2\/users\/7"}],"replies":[{"embeddable":true,"href":"https:\/\/vinasfm.com\/noticias\/wp-json\/wp\/v2\/comments?post=149845"}],"version-history":[{"count":1,"href":"https:\/\/vinasfm.com\/noticias\/wp-json\/wp\/v2\/posts\/149845\/revisions"}],"predecessor-version":[{"id":149847,"href":"https:\/\/vinasfm.com\/noticias\/wp-json\/wp\/v2\/posts\/149845\/revisions\/149847"}],"wp:featuredmedia":[{"embeddable":true,"href":"https:\/\/vinasfm.com\/noticias\/wp-json\/wp\/v2\/media\/149846"}],"wp:attachment":[{"href":"https:\/\/vinasfm.com\/noticias\/wp-json\/wp\/v2\/media?parent=149845"}],"wp:term":[{"taxonomy":"category","embeddable":true,"href":"https:\/\/vinasfm.com\/noticias\/wp-json\/wp\/v2\/categories?post=149845"},{"taxonomy":"post_tag","embeddable":true,"href":"https:\/\/vinasfm.com\/noticias\/wp-json\/wp\/v2\/tags?post=149845"}],"curies":[{"name":"wp","href":"https:\/\/api.w.org\/{rel}","templated":true}]}}