{"id":149792,"date":"2025-06-19T09:26:04","date_gmt":"2025-06-19T12:26:04","guid":{"rendered":"https:\/\/vinasfm.com\/noticias\/?p=149792"},"modified":"2025-06-19T09:26:04","modified_gmt":"2025-06-19T12:26:04","slug":"concurso-poder-judicial-se-acaba-el-plazo-para-inscribirse-para-entrar-al-mpf","status":"publish","type":"post","link":"https:\/\/vinasfm.com\/noticias\/concurso-poder-judicial-se-acaba-el-plazo-para-inscribirse-para-entrar-al-mpf\/","title":{"rendered":"CONCURSO PODER JUDICIAL: SE ACABA EL PLAZO PARA INSCRIBIRSE PARA ENTRAR AL MPF"},"content":{"rendered":"<h4><strong><span style=\"color: #003300;\">El Ministerio P\u00fablico Fiscal (MPF) llam\u00f3 a concurso para el ingreso de personal t\u00e9cnico-administrativo al Poder Judicial. Inscripci\u00f3n, requisitos y cupos.<\/span><\/strong><\/h4>\n<article class=\"article-body first\">\n<div class=\"article-content\">\n<div class=\"cuerpo\" data-twitter-link=\"\">\n<p>El Ministerio P\u00fablico Fiscal (<strong>MPF<\/strong>) abri\u00f3 inscripciones para el ingreso al\u00a0<strong>Poder Judicial<\/strong>\u00a0de Mendoza. El plazo es hasta el domingo 22 de junio.<\/p>\n<\/div>\n<\/div>\n<\/article>\n<article class=\"article-body\">\n<div class=\"article-content\">\n<div class=\"cuerpo\" data-twitter-link=\"\">\n<p>Seg\u00fan la resoluci\u00f3n 300\/2025, el llamado es para cubrir 400 cargos de personal t\u00e9cnico y administrativo (clase 13) en oficinas fiscales de la Primera, Tercera o Cuarta\u00a0<strong>Circunscripci\u00f3n Judicial<\/strong>.<\/p>\n<p>La convocatoria para el\u00a0<strong>concurso<\/strong>\u00a0para entrar al\u00a0<strong>Poder Judicial<\/strong>\u00a0es para mayores de 18 a\u00f1os y no hace falta tener t\u00edtulo de abogado.<\/p>\n<p>El examen de ingreso al\u00a0<strong>MPF<\/strong>\u00a0incluye pruebas de dactilograf\u00eda, ortograf\u00eda, conocimientos inform\u00e1ticos y te\u00f3ricos jur\u00eddicos, adem\u00e1s de la evaluaci\u00f3n psicof\u00edsica.<\/p>\n<h2><strong>Inscripci\u00f3n para el concurso al Poder Judicial<\/strong><\/h2>\n<p>El\u00a0<strong>plazo de inscripci\u00f3n<\/strong>\u00a0se abri\u00f3 este lunes y solo permanecer\u00e1 disponible hasta el domingo 22 de junio.<\/p>\n<p>Para anotarse, los interesados deber\u00e1n ingresar a la\u00a0<a href=\"https:\/\/mpfmza.jus.mendoza.gov.ar\/concursos\/#ANEXOS\" target=\"_blank\" rel=\"nofollow noopener\">p\u00e1gina oficial del\u00a0<strong>MPF<\/strong><\/a>\u00a0y completar el formulario de solicitud digital que figura all\u00ed. Ser\u00e1 necesario cargar copia del DNI y llenar la declaraci\u00f3n jurada, que tambi\u00e9n se descarga en la misma web.<\/p>\n<p>El llamado a concurso para personal t\u00e9cnico y administrativo del\u00a0<strong>Poder Judicial<\/strong>\u00a0es para la Primera, Tercera o Cuarta Circunscripci\u00f3n Judicial\u00a0y cada aspirante solo puede inscribirse para concursar en una de ellas.<\/p>\n<p>En la Primera\u00a0<strong>Circunscripci\u00f3n Judicial<\/strong>, que abarca Capital, Godoy Cruz, Maip\u00fa, Las Heras, Guaymall\u00e9n, Luj\u00e1n de Cuyo y Lavalle; el cupo a cubrir es de 200 cargos.<\/p>\n<p>En la Tercera\u00a0<strong>Circunscripci\u00f3n Judicial<\/strong>\u00a0(San Mart\u00edn, Jun\u00edn, Santa Rosa, La Paz y Rivadavia) el cupo es para 100 ingresos; mismo cupo previsto para la Cuarta, que corresponde al Valle de Uco (Tunuy\u00e1n, Tupungato y San Carlos).<\/p>\n<p>Las funciones que cumplir\u00e1n quienes puedan ingresar al\u00a0<strong>Poder Judicial<\/strong>\u00a0incluyen tareas administrativas y de apoyo t\u00e9cnico y\/o jur\u00eddico en dependencias del\u00a0<strong>Ministerio P\u00fablico Fiscal<\/strong>\u00a0de Mendoza. En particular, se trata de la instrucci\u00f3n de expedientes penales (recepci\u00f3n de denuncias, testimonios, tramitaci\u00f3n de las medidas de investigaci\u00f3n iniciales y notificaciones a personas imputadas y\/o sospechadas).<\/p>\n<p><img decoding=\"async\" class=\"aligncenter\" src=\"https:\/\/media.diariouno.com.ar\/p\/bac0475bc37ed28ab08e26a9e2d37e19\/adjuntos\/298\/imagenes\/009\/574\/0009574458\/1200x0\/smart\/concurso-examen-poder-judicial-ingresojpg.jpg\" alt=\"Las inscripciones para el concurso de ingreso al Poder Judicial de Mendoza estar\u00e1n abiertas hasta el domingo 22.\" \/><\/p>\n<h2><strong>Requisitos para entrar al Poder Judicial de Mendoza<\/strong><\/h2>\n<p>Adem\u00e1s de la necesidad de aprobar todas las instancias de ex\u00e1menes previstas, las condiciones para ingresar al\u00a0<strong>Poder Judicial<\/strong>\u00a0son:<\/p>\n<ul>\n<li>Ser argentino\/a o residente permanente en el pa\u00eds.<\/li>\n<li>Tener 18 a\u00f1os de edad cumplidos a la fecha de la inscripci\u00f3n.<\/li>\n<li>No haber alcanzado la edad jubilatoria a la fecha de inscripci\u00f3n.<\/li>\n<li>Presentaci\u00f3n de copia del DNI vigente<\/li>\n<li>No tener antecedentes penales o procesos penales en tr\u00e1mite.<\/li>\n<li>Poseer t\u00edtulo de ense\u00f1anza secundaria o polimodal completa a la fecha de la inscripci\u00f3n.<\/li>\n<li>Declarar conocer y aceptar el perfil psicolaboral y de puesto de trabajo que se publica en la p\u00e1gina web del MPF.<\/li>\n<li>Aprobar el concurso de\u00a0<strong>ingreso al MPF<\/strong>, reglamentado por la presente normativa.<\/li>\n<\/ul>\n<h2><strong>Hay que aprobar dactilograf\u00eda para entrar al Poder Judicial<\/strong><\/h2>\n<p>Ese ser\u00e1 el primer\u00a0<strong>examen<\/strong>. Consiste en copiar en computadora\u00a0<strong>textos jur\u00eddicos<\/strong>\u00a0que se seleccionar\u00e1n aleatoriamente en cada turno de examen. Para aprobar se deber\u00e1n escribir correctamente como m\u00ednimo 150 palabras en 4 minutos y no se computan las palabras con errores de tipeo u ortogr\u00e1ficos, las palabras mal unidas, las duplicadas y las que no est\u00e9n en el texto original. Los errores de acentuaci\u00f3n y de may\u00fascula o min\u00fascula se computan como media palabra.<\/p>\n<p>Despu\u00e9s de ese primer filtro, los aspirantes pasan al\u00a0<strong>examen de ortograf\u00eda<\/strong>, que consiste en la correcci\u00f3n en computadora de un texto jur\u00eddico en 10 minutos.<\/p>\n<p>Tras esas evaluaciones, los inscriptos deber\u00e1n demostrar conocimientos inform\u00e1ticos y conocimientos jur\u00eddicos necesarios para desempe\u00f1ar las tareas como integrantes de la planta de personal t\u00e9cnico administrativo del\u00a0<strong>MPF<\/strong>.<\/p>\n<p>Quienes aprueben todos los ex\u00e1menes ser\u00e1n convocados a una instancia de evaluaci\u00f3n psicolaboral. A medida que se generen las vacantes y en base a las necesidades del\u00a0<strong>Ministerio P\u00fablico Fiscal<\/strong>\u00a0de\u00a0<strong>Poder Judicial<\/strong>\u00a0ser\u00e1n citados conforme al orden de m\u00e9rito.<\/p>\n<\/div>\n<\/div>\n<\/article>\n","protected":false},"excerpt":{"rendered":"<p>El Ministerio P\u00fablico Fiscal (MPF) llam\u00f3 a concurso para el ingreso de personal t\u00e9cnico-administrativo al Poder Judicial. Inscripci\u00f3n, requisitos y cupos. &#8230;<\/p>\n","protected":false},"author":7,"featured_media":149793,"comment_status":"open","ping_status":"open","sticky":false,"template":"","format":"standard","meta":{"footnotes":""},"categories":[1],"tags":[],"class_list":["post-149792","post","type-post","status-publish","format-standard","has-post-thumbnail","hentry","category-fmvinas"],"_links":{"self":[{"href":"https:\/\/vinasfm.com\/noticias\/wp-json\/wp\/v2\/posts\/149792","targetHints":{"allow":["GET"]}}],"collection":[{"href":"https:\/\/vinasfm.com\/noticias\/wp-json\/wp\/v2\/posts"}],"about":[{"href":"https:\/\/vinasfm.com\/noticias\/wp-json\/wp\/v2\/types\/post"}],"author":[{"embeddable":true,"href":"https:\/\/vinasfm.com\/noticias\/wp-json\/wp\/v2\/users\/7"}],"replies":[{"embeddable":true,"href":"https:\/\/vinasfm.com\/noticias\/wp-json\/wp\/v2\/comments?post=149792"}],"version-history":[{"count":1,"href":"https:\/\/vinasfm.com\/noticias\/wp-json\/wp\/v2\/posts\/149792\/revisions"}],"predecessor-version":[{"id":149794,"href":"https:\/\/vinasfm.com\/noticias\/wp-json\/wp\/v2\/posts\/149792\/revisions\/149794"}],"wp:featuredmedia":[{"embeddable":true,"href":"https:\/\/vinasfm.com\/noticias\/wp-json\/wp\/v2\/media\/149793"}],"wp:attachment":[{"href":"https:\/\/vinasfm.com\/noticias\/wp-json\/wp\/v2\/media?parent=149792"}],"wp:term":[{"taxonomy":"category","embeddable":true,"href":"https:\/\/vinasfm.com\/noticias\/wp-json\/wp\/v2\/categories?post=149792"},{"taxonomy":"post_tag","embeddable":true,"href":"https:\/\/vinasfm.com\/noticias\/wp-json\/wp\/v2\/tags?post=149792"}],"curies":[{"name":"wp","href":"https:\/\/api.w.org\/{rel}","templated":true}]}}