{"id":149787,"date":"2025-06-19T09:16:26","date_gmt":"2025-06-19T12:16:26","guid":{"rendered":"https:\/\/vinasfm.com\/noticias\/?p=149787"},"modified":"2025-06-19T11:43:38","modified_gmt":"2025-06-19T14:43:38","slug":"el-municipio-refuerza-su-compromiso-con-la-apicultura-y-la-produccion-local","status":"publish","type":"post","link":"https:\/\/vinasfm.com\/noticias\/el-municipio-refuerza-su-compromiso-con-la-apicultura-y-la-produccion-local\/","title":{"rendered":"EL MUNICIPIO REFUERZA SU COMPROMISO CON LA APICULTURA Y LA PRODUCCI\u00d3N LOCAL"},"content":{"rendered":"<h4 data-start=\"99\" data-end=\"376\"><span style=\"color: #003300;\"><strong>En di\u00e1logo con FM VI\u00d1AS, el secretario de Desarrollo y Promoci\u00f3n Departamental, Ing. Hugo Molina, destac\u00f3 el apoyo del municipio a los eventos del sector ap\u00edcola y repas\u00f3 diversas acciones que fortalecen la producci\u00f3n y el emprendedurismo en el departamento.<\/strong><\/span><\/h4>\n<p data-start=\"378\" data-end=\"710\">El funcionario celebr\u00f3 el crecimiento de los eventos vinculados a la apicultura, se\u00f1alando que este a\u00f1o cuentan con una participaci\u00f3n internacional y un n\u00famero significativo de expositores. <strong><em>\u201cHa cobrado una importancia con crecimiento exponencial\u201d<\/em><\/strong>, afirm\u00f3 Molina, y subray\u00f3 el acompa\u00f1amiento municipal tanto log\u00edstico como econ\u00f3mico.<\/p>\n<p data-start=\"712\" data-end=\"1256\">Entre los aportes mencionados se encuentran el financiamiento de vi\u00e1ticos para disertantes, cobertura de sonido para las jornadas t\u00e9cnicas, el apoyo a la pe\u00f1a art\u00edstica y la entrega de tarjetas de cortes\u00eda para invitados especiales. Adem\u00e1s, anunci\u00f3 la incorporaci\u00f3n de un color\u00edmetro para miel en el <strong>Laboratorio de Bromatolog\u00eda<\/strong> de la comuna, en coordinaci\u00f3n con el <strong>\u00e1rea de Control y Fiscalizaci\u00f3n de la provincia.<\/strong> Este dispositivo permitir\u00e1 certificar el color de la miel, lo que mejora las condiciones de comercializaci\u00f3n para los productores.<\/p>\n<p data-start=\"1258\" data-end=\"1613\">Consultado sobre la importancia econ\u00f3mica de la apicultura, Molina indic\u00f3 que aunque cuesta medirla con precisi\u00f3n por la dispersi\u00f3n del sector, <strong>se trata de una actividad relevante<\/strong>, con muchas familias involucradas y potencial en \u00e1reas como la producci\u00f3n gen\u00e9tica de reinas. <em><strong>\u201cHay productores que ya est\u00e1n cerca de dedicarse exclusivamente a esto\u201d<\/strong><\/em>, explic\u00f3.<\/p>\n<p data-start=\"1615\" data-end=\"2032\">Respecto a l\u00edneas de financiamiento, el <em>secretario<\/em> expres\u00f3 la intenci\u00f3n de <strong>gestionar cr\u00e9ditos espec\u00edficos para apicultores<\/strong>, destacando que la actividad forma parte de la Direcci\u00f3n de Ganader\u00eda Provincial.<em><strong> \u201cDesde nuestra gesti\u00f3n se ha trabajado en diversificar la producci\u00f3n: hicimos el plan forrajero, el hort\u00edcola, impulsamos la actividad porcina. Ahora queremos que la apicultura tambi\u00e9n tenga su espacio\u201d<\/strong><\/em>, sostuvo.<\/p>\n<p data-start=\"2034\" data-end=\"2432\">En este sentido, valor\u00f3 el funcionamiento del cr\u00e9dito porcino, que gracias al acompa\u00f1amiento del <strong>INTA<\/strong> y la asistencia t\u00e9cnica municipal, permiti\u00f3 reactivar la <strong data-start=\"2193\" data-end=\"2207\">Expo Cerdo<\/strong>, la cual se realizar\u00e1 el <strong data-start=\"2233\" data-end=\"2255\">18 y 19 de octubre<\/strong>. Tambi\u00e9n mencion\u00f3 la <strong data-start=\"2277\" data-end=\"2300\">Feria del Chacinado <\/strong>de la Escuela de Agricultura, rebautizada como <strong data-start=\"2319\" data-end=\"2343\">Feria del Productor Artesanal<\/strong>, prevista para el <strong data-start=\"2362\" data-end=\"2376\">4 de julio<\/strong>, como una importante vidriera para productores locales.<\/p>\n<p data-start=\"2434\" data-end=\"2703\">Otro de los ejes abordados fue la formalizaci\u00f3n de emprendimientos. Molina se\u00f1al\u00f3 que <strong>quienes se inician en actividades productivas est\u00e1n exentos del pago de tasas municipales por dos a\u00f1os<\/strong>, acceden a inspecciones bromatol\u00f3gicas y garantizan la calidad de sus productos.<\/p>\n","protected":false},"excerpt":{"rendered":"<p>En di\u00e1logo con FM VI\u00d1AS, el secretario de Desarrollo y Promoci\u00f3n Departamental, Ing. Hugo Molina, destac\u00f3 el apoyo del municipio a &#8230;<\/p>\n","protected":false},"author":7,"featured_media":149790,"comment_status":"open","ping_status":"open","sticky":false,"template":"","format":"standard","meta":{"footnotes":""},"categories":[5,170],"tags":[],"class_list":["post-149787","post","type-post","status-publish","format-standard","has-post-thumbnail","hentry","category-actualidad","category-apicultura"],"_links":{"self":[{"href":"https:\/\/vinasfm.com\/noticias\/wp-json\/wp\/v2\/posts\/149787","targetHints":{"allow":["GET"]}}],"collection":[{"href":"https:\/\/vinasfm.com\/noticias\/wp-json\/wp\/v2\/posts"}],"about":[{"href":"https:\/\/vinasfm.com\/noticias\/wp-json\/wp\/v2\/types\/post"}],"author":[{"embeddable":true,"href":"https:\/\/vinasfm.com\/noticias\/wp-json\/wp\/v2\/users\/7"}],"replies":[{"embeddable":true,"href":"https:\/\/vinasfm.com\/noticias\/wp-json\/wp\/v2\/comments?post=149787"}],"version-history":[{"count":3,"href":"https:\/\/vinasfm.com\/noticias\/wp-json\/wp\/v2\/posts\/149787\/revisions"}],"predecessor-version":[{"id":149791,"href":"https:\/\/vinasfm.com\/noticias\/wp-json\/wp\/v2\/posts\/149787\/revisions\/149791"}],"wp:featuredmedia":[{"embeddable":true,"href":"https:\/\/vinasfm.com\/noticias\/wp-json\/wp\/v2\/media\/149790"}],"wp:attachment":[{"href":"https:\/\/vinasfm.com\/noticias\/wp-json\/wp\/v2\/media?parent=149787"}],"wp:term":[{"taxonomy":"category","embeddable":true,"href":"https:\/\/vinasfm.com\/noticias\/wp-json\/wp\/v2\/categories?post=149787"},{"taxonomy":"post_tag","embeddable":true,"href":"https:\/\/vinasfm.com\/noticias\/wp-json\/wp\/v2\/tags?post=149787"}],"curies":[{"name":"wp","href":"https:\/\/api.w.org\/{rel}","templated":true}]}}