{"id":149734,"date":"2025-06-17T19:53:54","date_gmt":"2025-06-17T22:53:54","guid":{"rendered":"https:\/\/vinasfm.com\/noticias\/?p=149734"},"modified":"2025-06-18T19:21:32","modified_gmt":"2025-06-18T22:21:32","slug":"el-censo-de-fluidez-y-comprension-lectora-evidencio-mejoras-interanuales","status":"publish","type":"post","link":"https:\/\/vinasfm.com\/noticias\/el-censo-de-fluidez-y-comprension-lectora-evidencio-mejoras-interanuales\/","title":{"rendered":"EL CENSO DE FLUIDEZ Y COMPRENSI\u00d3N LECTORA EVIDENCI\u00d3 MEJORAS INTERANUALES"},"content":{"rendered":"<h4><span style=\"color: #003300;\"><strong>El Censo de Fluidez y Comprensi\u00f3n Lectora en Mendoza ha revelado mejoras interanuales significativas. <\/strong><\/span><\/h4>\n<p>La <strong>Direcci\u00f3n General de Escuelas<\/strong> <em>(DGE)<\/em> inform\u00f3 que los resultados de la primera medici\u00f3n de 2025, <strong>realizada en abril para todos los estudiantes desde segundo grado de primaria hasta el \u00faltimo a\u00f1o de secundaria, son alentadores.<\/strong><\/p>\n<p>El <em>Ministro Tadeo<\/em> <span style=\"color: #003366;\"><strong>Garc\u00eda Zalazar<\/strong><\/span> destac\u00f3 que las intervenciones implementadas por la administraci\u00f3n escolar est\u00e1n siendo efectivas, con una disminuci\u00f3n de los niveles cr\u00edticos y un aumento en los niveles satisfactorios en comparaci\u00f3n con a\u00f1os anteriores. <strong>Se proporcionaron materiales, se intensific\u00f3 la capacitaci\u00f3n docente y se aplicaron estrategias espec\u00edficas en las escuelas con dificultades.<\/strong><\/p>\n<p>Por primera vez, se pudo observar el seguimiento de una cohorte, registrando el progreso del mismo grupo de estudiantes de un a\u00f1o a otro. La <em>subsecretaria de Educaci\u00f3n<\/em>, <span style=\"color: #003366;\"><strong>Claudia Ferrari<\/strong><\/span>, se\u00f1al\u00f3 que las estrategias implementadas <strong>en cada escuela est\u00e1n dando resultados, reflej\u00e1ndose en las mejoras interanuales.<\/strong><\/p>\n<p>El an\u00e1lisis interanual mostr\u00f3 que el nivel primario redujo la proporci\u00f3n de estudiantes en niveles cr\u00edticos del 27% en 2022 al 18% en 2025, mientras que el nivel avanzado aument\u00f3 del 15% al 20%. En el nivel secundario, el porcentaje de estudiantes en niveles cr\u00edticos disminuy\u00f3 del 22% al 19% entre 2022 y 2025.<\/p>\n<p>En cuanto a la comprensi\u00f3n lectora, el 59% de los alumnos de tercer grado respondi\u00f3 correctamente al menos 3 de 5 preguntas, destacando en la obtenci\u00f3n de informaci\u00f3n y reflexi\u00f3n, pero con un desaf\u00edo persistente en la interpretaci\u00f3n. En sexto grado, el 59% de los estudiantes respondi\u00f3 correctamente 4 o m\u00e1s de 6 preguntas, con buenos resultados en obtenci\u00f3n de informaci\u00f3n, interpretaci\u00f3n y reflexi\u00f3n. Estos resultados confirman el impacto positivo del Plan Estrat\u00e9gico de Alfabetizaci\u00f3n.<\/p>\n<p>Para m\u00e1s detalles, puedes consultar la noticia original en el sitio web del Gobierno de Mendoza: El Censo de Fluidez y Comprensi\u00f3n Lectora evidenci\u00f3 mejoras interanuales.<\/p>\n","protected":false},"excerpt":{"rendered":"<p>El Censo de Fluidez y Comprensi\u00f3n Lectora en Mendoza ha revelado mejoras interanuales significativas. La Direcci\u00f3n General de Escuelas (DGE) inform\u00f3 &#8230;<\/p>\n","protected":false},"author":7,"featured_media":149733,"comment_status":"open","ping_status":"open","sticky":false,"template":"","format":"standard","meta":{"footnotes":""},"categories":[5,18],"tags":[],"class_list":["post-149734","post","type-post","status-publish","format-standard","has-post-thumbnail","hentry","category-actualidad","category-educacion"],"_links":{"self":[{"href":"https:\/\/vinasfm.com\/noticias\/wp-json\/wp\/v2\/posts\/149734","targetHints":{"allow":["GET"]}}],"collection":[{"href":"https:\/\/vinasfm.com\/noticias\/wp-json\/wp\/v2\/posts"}],"about":[{"href":"https:\/\/vinasfm.com\/noticias\/wp-json\/wp\/v2\/types\/post"}],"author":[{"embeddable":true,"href":"https:\/\/vinasfm.com\/noticias\/wp-json\/wp\/v2\/users\/7"}],"replies":[{"embeddable":true,"href":"https:\/\/vinasfm.com\/noticias\/wp-json\/wp\/v2\/comments?post=149734"}],"version-history":[{"count":2,"href":"https:\/\/vinasfm.com\/noticias\/wp-json\/wp\/v2\/posts\/149734\/revisions"}],"predecessor-version":[{"id":149736,"href":"https:\/\/vinasfm.com\/noticias\/wp-json\/wp\/v2\/posts\/149734\/revisions\/149736"}],"wp:featuredmedia":[{"embeddable":true,"href":"https:\/\/vinasfm.com\/noticias\/wp-json\/wp\/v2\/media\/149733"}],"wp:attachment":[{"href":"https:\/\/vinasfm.com\/noticias\/wp-json\/wp\/v2\/media?parent=149734"}],"wp:term":[{"taxonomy":"category","embeddable":true,"href":"https:\/\/vinasfm.com\/noticias\/wp-json\/wp\/v2\/categories?post=149734"},{"taxonomy":"post_tag","embeddable":true,"href":"https:\/\/vinasfm.com\/noticias\/wp-json\/wp\/v2\/tags?post=149734"}],"curies":[{"name":"wp","href":"https:\/\/api.w.org\/{rel}","templated":true}]}}