{"id":149719,"date":"2025-06-17T11:29:27","date_gmt":"2025-06-17T14:29:27","guid":{"rendered":"https:\/\/vinasfm.com\/noticias\/?p=149719"},"modified":"2025-06-18T10:21:19","modified_gmt":"2025-06-18T13:21:19","slug":"productores-participaron-del-taller-de-gestion-en-bodega-faraon","status":"publish","type":"post","link":"https:\/\/vinasfm.com\/noticias\/productores-participaron-del-taller-de-gestion-en-bodega-faraon\/","title":{"rendered":"PRODUCTORES PARTICIPARON DEL TALLER DE GESTI\u00d3N EN BODEGA FARA\u00d3N"},"content":{"rendered":"<p><strong><span style=\"color: #003300;\">Este s\u00e1bado 14 de junio finaliz\u00f3 el curso taller \u201cGesti\u00f3n de la finca: herramienta para la toma de decisiones\u201d, una capacitaci\u00f3n gratuita destinada a productores del departamento, que se llev\u00f3 a cabo en el multiespacio de Bodega Fara\u00f3n, ubicado en Ruta 188 y Calle 10.<\/span><\/strong><\/p>\n<p>El ciclo formativo se desarroll\u00f3 durante tres jornadas, desde el jueves hasta su cierre el s\u00e1bado, y cont\u00f3 con una destacada participaci\u00f3n tanto de productores locales como de profesionales t\u00e9cnicos.<\/p>\n<p>Organizado por l<strong>a Direcci\u00f3n de Agricultura de la Municipalidad de General Alvear<\/strong>, y la <strong>Delegaci\u00f3n del INTA<\/strong> el taller tuvo como principal objetivo brindar herramientas pr\u00e1cticas para mejorar la eficiencia en la gesti\u00f3n productiva <em>\u201ctranqueras adentro\u201d<\/em>, promoviendo el an\u00e1lisis de informaci\u00f3n y la toma de decisiones estrat\u00e9gicas en el \u00e1mbito rural.<\/p>\n<p><strong><span style=\"color: #003366;\">Leandro Silvestre<\/span><\/strong>, <em>referente de la Direcci\u00f3n de Agricultura<\/em>, realiz\u00f3 un balance positivo:<em><strong> \u201cHa sido un espacio de discusi\u00f3n muy enriquecedor. Partimos de problem\u00e1ticas comunes que los productores conocen bien y trabajamos en metodolog\u00edas que les permitan analizar su realidad, generar informaci\u00f3n \u00fatil y buscar alternativas de mejora. Se trata de potenciar lo que est\u00e1 al alcance de cada productor para lograr una gesti\u00f3n m\u00e1s eficiente de sus fincas\u201d.<\/strong><\/em><\/p>\n<p>Adem\u00e1s, Silvestre destac\u00f3 la participaci\u00f3n de t\u00e9cnicos del INTA provenientes de Buenos Aires, quienes aportaron su experiencia en din\u00e1micas de trabajo con productores.<\/p>\n<p><strong><em>\u201cLa interacci\u00f3n fue excelente. Se abordaron problem\u00e1ticas propias de la zona a trav\u00e9s de din\u00e1micas en taller, y se analizaron distintas formas de intervenci\u00f3n. Creo que los participantes se llevan herramientas concretas que pueden aplicar en su d\u00eda a d\u00eda\u201d<\/em><\/strong>, a\u00f1adi\u00f3.<\/p>\n<p><span style=\"color: #003366;\"><strong>Fabricio Belvedere<\/strong><\/span>,<em> productor agr\u00edcola del departamento<\/em>, tambi\u00e9n valor\u00f3 la iniciativa: <strong><em>\u201cfue muy interesante, sobre todo por las alternativas que nos presentaron en relaci\u00f3n con los canales comerciales. Estas capacitaciones te permiten ver otras posibilidades que uno, de no ser por estas instancias, tal vez nunca considerar\u00eda. Es una ayuda real a la organizaci\u00f3n y planificaci\u00f3n de nuestro trabajo\u201d.<\/em><\/strong><\/p>\n<p>Belvedere, quien actualmente produce principalmente vi\u00f1a, adem\u00e1s de ciruela, damasco y algo de durazno, remarc\u00f3 la importancia de incorporar nuevas herramientas para mejorar el manejo de la finca: <strong><em>\u201cte ayuda a pensar desde otro lugar. A veces uno no toma nota, no analiza ciertos datos que son clave para saber si realmente est\u00e1 funcionando lo que hacemos. Esto te da ese empuj\u00f3n para hacerlo.\u201d<\/em><\/strong><\/p>\n<p>La capacitaci\u00f3n forma parte de una pol\u00edtica municipal orientada a fortalecer el desarrollo del sector productivo local a trav\u00e9s de la formaci\u00f3n, el acompa\u00f1amiento t\u00e9cnico y el intercambio de experiencias entre los distintos actores del agro alvearense.<\/p>\n","protected":false},"excerpt":{"rendered":"<p>Este s\u00e1bado 14 de junio finaliz\u00f3 el curso taller \u201cGesti\u00f3n de la finca: herramienta para la toma de decisiones\u201d, una capacitaci\u00f3n &#8230;<\/p>\n","protected":false},"author":7,"featured_media":149720,"comment_status":"open","ping_status":"open","sticky":false,"template":"","format":"standard","meta":{"footnotes":""},"categories":[14,10],"tags":[],"class_list":["post-149719","post","type-post","status-publish","format-standard","has-post-thumbnail","hentry","category-agro","category-destacadas"],"_links":{"self":[{"href":"https:\/\/vinasfm.com\/noticias\/wp-json\/wp\/v2\/posts\/149719","targetHints":{"allow":["GET"]}}],"collection":[{"href":"https:\/\/vinasfm.com\/noticias\/wp-json\/wp\/v2\/posts"}],"about":[{"href":"https:\/\/vinasfm.com\/noticias\/wp-json\/wp\/v2\/types\/post"}],"author":[{"embeddable":true,"href":"https:\/\/vinasfm.com\/noticias\/wp-json\/wp\/v2\/users\/7"}],"replies":[{"embeddable":true,"href":"https:\/\/vinasfm.com\/noticias\/wp-json\/wp\/v2\/comments?post=149719"}],"version-history":[{"count":2,"href":"https:\/\/vinasfm.com\/noticias\/wp-json\/wp\/v2\/posts\/149719\/revisions"}],"predecessor-version":[{"id":149724,"href":"https:\/\/vinasfm.com\/noticias\/wp-json\/wp\/v2\/posts\/149719\/revisions\/149724"}],"wp:featuredmedia":[{"embeddable":true,"href":"https:\/\/vinasfm.com\/noticias\/wp-json\/wp\/v2\/media\/149720"}],"wp:attachment":[{"href":"https:\/\/vinasfm.com\/noticias\/wp-json\/wp\/v2\/media?parent=149719"}],"wp:term":[{"taxonomy":"category","embeddable":true,"href":"https:\/\/vinasfm.com\/noticias\/wp-json\/wp\/v2\/categories?post=149719"},{"taxonomy":"post_tag","embeddable":true,"href":"https:\/\/vinasfm.com\/noticias\/wp-json\/wp\/v2\/tags?post=149719"}],"curies":[{"name":"wp","href":"https:\/\/api.w.org\/{rel}","templated":true}]}}