{"id":149713,"date":"2025-06-17T10:21:51","date_gmt":"2025-06-17T13:21:51","guid":{"rendered":"https:\/\/vinasfm.com\/noticias\/?p=149713"},"modified":"2025-06-18T10:25:53","modified_gmt":"2025-06-18T13:25:53","slug":"robo-en-bowen-sustrajeron-un-termotanque-y-una-bomba-de-agua-de-una-vivienda","status":"publish","type":"post","link":"https:\/\/vinasfm.com\/noticias\/robo-en-bowen-sustrajeron-un-termotanque-y-una-bomba-de-agua-de-una-vivienda\/","title":{"rendered":"ROBO EN BOWEN: SUSTRAJERON UN TERMOTANQUE Y UNA BOMBA DE AGUA DE UNA VIVIENDA"},"content":{"rendered":"<h4 data-sourcepos=\"4:1-4:239\"><strong><span style=\"color: #003300;\">Una vivienda ubicada en la intersecci\u00f3n de Calle 12 y Calle E de Bowen fue escenario de un robo el pasado lunes a las 21:10 horas. Delincuentes sustrajeron un termotanque y una bomba de agua de la propiedad.<\/span><\/strong><\/h4>\n<p data-sourcepos=\"6:1-6:209\">La v\u00edctima, identificada como D.M.F. (48), <strong>fue alertada por sus vecinos sobre la presencia de personas sospechosas en su domicilio. Al constatar lo sucedido, verific\u00f3 el faltante de los artefactos mencionados.<\/strong><\/p>\n<p data-sourcepos=\"8:1-8:270\">La Comisar\u00eda 46\u00b0 de Bowen intervino en el hecho.<strong> La Dra. Mart\u00ednez ha tomado conocimiento de la novedad y dispuso la intervenci\u00f3n de la Polic\u00eda Cient\u00edfica para realizar las pericias correspondientes, as\u00ed como las dem\u00e1s diligencias de rigor para la investigaci\u00f3n del caso.<\/strong><\/p>\n","protected":false},"excerpt":{"rendered":"<p>Una vivienda ubicada en la intersecci\u00f3n de Calle 12 y Calle E de Bowen fue escenario de un robo el pasado &#8230;<\/p>\n","protected":false},"author":7,"featured_media":149714,"comment_status":"open","ping_status":"open","sticky":false,"template":"","format":"standard","meta":{"footnotes":""},"categories":[201,4],"tags":[],"class_list":["post-149713","post","type-post","status-publish","format-standard","has-post-thumbnail","hentry","category-inseguridad","category-policiales"],"_links":{"self":[{"href":"https:\/\/vinasfm.com\/noticias\/wp-json\/wp\/v2\/posts\/149713","targetHints":{"allow":["GET"]}}],"collection":[{"href":"https:\/\/vinasfm.com\/noticias\/wp-json\/wp\/v2\/posts"}],"about":[{"href":"https:\/\/vinasfm.com\/noticias\/wp-json\/wp\/v2\/types\/post"}],"author":[{"embeddable":true,"href":"https:\/\/vinasfm.com\/noticias\/wp-json\/wp\/v2\/users\/7"}],"replies":[{"embeddable":true,"href":"https:\/\/vinasfm.com\/noticias\/wp-json\/wp\/v2\/comments?post=149713"}],"version-history":[{"count":1,"href":"https:\/\/vinasfm.com\/noticias\/wp-json\/wp\/v2\/posts\/149713\/revisions"}],"predecessor-version":[{"id":149715,"href":"https:\/\/vinasfm.com\/noticias\/wp-json\/wp\/v2\/posts\/149713\/revisions\/149715"}],"wp:featuredmedia":[{"embeddable":true,"href":"https:\/\/vinasfm.com\/noticias\/wp-json\/wp\/v2\/media\/149714"}],"wp:attachment":[{"href":"https:\/\/vinasfm.com\/noticias\/wp-json\/wp\/v2\/media?parent=149713"}],"wp:term":[{"taxonomy":"category","embeddable":true,"href":"https:\/\/vinasfm.com\/noticias\/wp-json\/wp\/v2\/categories?post=149713"},{"taxonomy":"post_tag","embeddable":true,"href":"https:\/\/vinasfm.com\/noticias\/wp-json\/wp\/v2\/tags?post=149713"}],"curies":[{"name":"wp","href":"https:\/\/api.w.org\/{rel}","templated":true}]}}