{"id":149707,"date":"2025-06-17T10:16:52","date_gmt":"2025-06-17T13:16:52","guid":{"rendered":"https:\/\/vinasfm.com\/noticias\/?p=149707"},"modified":"2025-06-18T10:26:25","modified_gmt":"2025-06-18T13:26:25","slug":"con-gran-convocatoria-se-corrio-la-carrera-de-la-bandera-en-alvear-oeste","status":"publish","type":"post","link":"https:\/\/vinasfm.com\/noticias\/con-gran-convocatoria-se-corrio-la-carrera-de-la-bandera-en-alvear-oeste\/","title":{"rendered":"CON GRAN CONVOCATORIA SE CORRI\u00d3 \u201cLA CARRERA DE LA BANDERA\u201d EN ALVEAR OESTE"},"content":{"rendered":"<h4><span style=\"color: #003300;\"><strong>Alvear Oeste vivi\u00f3 una jornada deportiva y festiva en el marco del inicio de las celebraciones por el D\u00eda de la Bandera.<\/strong><\/span><\/h4>\n<p>Este lunes, el distrito de Alvear Oeste fue escenario de la tradicional prueba atl\u00e9tica <em>\u201cLa Carrera de la Bandera\u201d<\/em>, la cual dio inicio al campeonato local de atletismo.<strong> Con una destacada participaci\u00f3n de m\u00e1s de 300 corredores, la jornada combin\u00f3 deporte, comunidad y patriotismo, en el entorno de la emblem\u00e1tica Plaza Manuel Belgrano.<\/strong><\/p>\n<p>La competencia incluy\u00f3 circuitos de 5K y 10K para las categor\u00edas adultas, con un recorrido urbano que abarc\u00f3 las calles del distrito y se extendi\u00f3 hasta las inmediaciones de la Ruta 188. Previamente, se desarrollaron las pruebas infantiles, con un circuito tipo cross country dentro del espacio verde central.<\/p>\n<p><a href=\"https:\/\/vinasfm.com\/noticias\/wp-content\/uploads\/2025\/06\/IMG-20250617-WA0042.jpg\"><img loading=\"lazy\" decoding=\"async\" class=\"wp-image-149702 aligncenter\" src=\"https:\/\/vinasfm.com\/noticias\/wp-content\/uploads\/2025\/06\/IMG-20250617-WA0042-1024x682.jpg\" alt=\"\" width=\"600\" height=\"400\" srcset=\"https:\/\/vinasfm.com\/noticias\/wp-content\/uploads\/2025\/06\/IMG-20250617-WA0042-1024x682.jpg 1024w, https:\/\/vinasfm.com\/noticias\/wp-content\/uploads\/2025\/06\/IMG-20250617-WA0042-300x200.jpg 300w, https:\/\/vinasfm.com\/noticias\/wp-content\/uploads\/2025\/06\/IMG-20250617-WA0042-768x512.jpg 768w, https:\/\/vinasfm.com\/noticias\/wp-content\/uploads\/2025\/06\/IMG-20250617-WA0042-1536x1023.jpg 1536w, https:\/\/vinasfm.com\/noticias\/wp-content\/uploads\/2025\/06\/IMG-20250617-WA0042.jpg 1600w\" sizes=\"auto, (max-width: 600px) 100vw, 600px\" \/><\/a><\/p>\n<p>El <em>director de Deportes del municipio<\/em>, <span style=\"color: #003366;\"><strong>Alberto G\u00f3mez<\/strong><\/span>, expres\u00f3 su satisfacci\u00f3n por la convocatoria: <strong><em>\u201chab\u00edamos proyectado para 300 corredores y llegamos a ese n\u00famero. Esta carrera es emblem\u00e1tica, ya conocida por muchos atletas que vienen a\u00f1o tras a\u00f1o. Adem\u00e1s, es la primera fecha de un campeonato que continuar\u00e1 el 10 de agosto, en un circuito homologado por la federaci\u00f3n, lo que permitir\u00e1 a los deportistas buscar marcas oficiales\u201d.<\/em><\/strong><\/p>\n<p>G\u00f3mez destac\u00f3 que la homologaci\u00f3n del circuito responde a una estrategia para insertar al departamento dentro del calendario federativo provincial y nacional. <strong><em>\u201cEs una oportunidad para atraer a deportistas de \u00e9lite y permitir que nuestros corredores locales se midan en competencias de nivel. La expectativa para la pr\u00f3xima fecha es de m\u00e1s de 500 corredores\u201d<\/em><\/strong>, afirm\u00f3.<\/p>\n<p>Por su parte, <em>la delegada distrital de Alvear Oeste<\/em>, <strong><span style=\"color: #003366;\">Jimena Garc\u00eda<\/span><\/strong>, valor\u00f3 la jornada como parte de una serie de actividades planificadas en torno al D\u00eda de la Bandera. <strong><em>\u201cComenzamos con la carrera, que reuni\u00f3 a deportistas locales y for\u00e1neos, y seguimos el 29 de junio con la segunda etapa del campeonato de mountain bike. Adem\u00e1s, este a\u00f1o recuperamos el desfile c\u00edvico en Alvear Oeste, algo que no se hac\u00eda hace m\u00e1s de 20 a\u00f1os\u201d<\/em><\/strong>, se\u00f1al\u00f3.<a href=\"https:\/\/vinasfm.com\/noticias\/wp-content\/uploads\/2025\/06\/IMG-20250617-WA0044.jpg\"><img loading=\"lazy\" decoding=\"async\" class=\"wp-image-149703 aligncenter\" src=\"https:\/\/vinasfm.com\/noticias\/wp-content\/uploads\/2025\/06\/IMG-20250617-WA0044-1024x682.jpg\" alt=\"\" width=\"600\" height=\"400\" srcset=\"https:\/\/vinasfm.com\/noticias\/wp-content\/uploads\/2025\/06\/IMG-20250617-WA0044-1024x682.jpg 1024w, https:\/\/vinasfm.com\/noticias\/wp-content\/uploads\/2025\/06\/IMG-20250617-WA0044-300x200.jpg 300w, https:\/\/vinasfm.com\/noticias\/wp-content\/uploads\/2025\/06\/IMG-20250617-WA0044-768x512.jpg 768w, https:\/\/vinasfm.com\/noticias\/wp-content\/uploads\/2025\/06\/IMG-20250617-WA0044-1536x1023.jpg 1536w, https:\/\/vinasfm.com\/noticias\/wp-content\/uploads\/2025\/06\/IMG-20250617-WA0044.jpg 1600w\" sizes=\"auto, (max-width: 600px) 100vw, 600px\" \/><\/a><\/p>\n<p>Garc\u00eda tambi\u00e9n anticip\u00f3 que el 20 de junio se vivir\u00e1 una jornada completa, con desayuno comunitario, acto protocolar con promesa de lealtad a la bandera por parte de alumnos de cuarto grado y cadetes de la polic\u00eda, y un desfile con instituciones educativas y civiles del distrito. Por la tarde, la plaza ser\u00e1 el escenario de actividades culturales abiertas a toda la comunidad.<\/p>\n<p><strong><em>\u201cInvitamos a todos los vecinos de General Alvear a participar, a traer el mate y la reposera, y disfrutar de este d\u00eda patrio en familia\u201d<\/em><\/strong>, concluy\u00f3 la delegada.<\/p>\n","protected":false},"excerpt":{"rendered":"<p>Alvear Oeste vivi\u00f3 una jornada deportiva y festiva en el marco del inicio de las celebraciones por el D\u00eda de la &#8230;<\/p>\n","protected":false},"author":7,"featured_media":149704,"comment_status":"open","ping_status":"open","sticky":false,"template":"","format":"standard","meta":{"footnotes":""},"categories":[3,11],"tags":[],"class_list":["post-149707","post","type-post","status-publish","format-standard","has-post-thumbnail","hentry","category-deportes","category-sociales"],"_links":{"self":[{"href":"https:\/\/vinasfm.com\/noticias\/wp-json\/wp\/v2\/posts\/149707","targetHints":{"allow":["GET"]}}],"collection":[{"href":"https:\/\/vinasfm.com\/noticias\/wp-json\/wp\/v2\/posts"}],"about":[{"href":"https:\/\/vinasfm.com\/noticias\/wp-json\/wp\/v2\/types\/post"}],"author":[{"embeddable":true,"href":"https:\/\/vinasfm.com\/noticias\/wp-json\/wp\/v2\/users\/7"}],"replies":[{"embeddable":true,"href":"https:\/\/vinasfm.com\/noticias\/wp-json\/wp\/v2\/comments?post=149707"}],"version-history":[{"count":3,"href":"https:\/\/vinasfm.com\/noticias\/wp-json\/wp\/v2\/posts\/149707\/revisions"}],"predecessor-version":[{"id":149710,"href":"https:\/\/vinasfm.com\/noticias\/wp-json\/wp\/v2\/posts\/149707\/revisions\/149710"}],"wp:featuredmedia":[{"embeddable":true,"href":"https:\/\/vinasfm.com\/noticias\/wp-json\/wp\/v2\/media\/149704"}],"wp:attachment":[{"href":"https:\/\/vinasfm.com\/noticias\/wp-json\/wp\/v2\/media?parent=149707"}],"wp:term":[{"taxonomy":"category","embeddable":true,"href":"https:\/\/vinasfm.com\/noticias\/wp-json\/wp\/v2\/categories?post=149707"},{"taxonomy":"post_tag","embeddable":true,"href":"https:\/\/vinasfm.com\/noticias\/wp-json\/wp\/v2\/tags?post=149707"}],"curies":[{"name":"wp","href":"https:\/\/api.w.org\/{rel}","templated":true}]}}