{"id":149694,"date":"2025-06-17T08:52:44","date_gmt":"2025-06-17T11:52:44","guid":{"rendered":"https:\/\/vinasfm.com\/noticias\/?p=149694"},"modified":"2025-06-18T10:26:47","modified_gmt":"2025-06-18T13:26:47","slug":"cultura-celebro-el-dia-del-escritor","status":"publish","type":"post","link":"https:\/\/vinasfm.com\/noticias\/cultura-celebro-el-dia-del-escritor\/","title":{"rendered":"CULTURA CELEBR\u00d3 EL D\u00cdA DEL ESCRITOR"},"content":{"rendered":"<p><strong><span style=\"color: #003300;\">En el marco del D\u00eda del Escritor, se llevan a cabo una serie de propuestas culturales que se desarrollan durante todo el mes de junio.<\/span><\/strong><\/p>\n<p>La actividad central se realiz\u00f3 el s\u00e1bado 14 en la <strong>Biblioteca Antonio Dimarco de Bowen<\/strong>, con una jornada especial: la <strong>Celebraci\u00f3n del D\u00eda del Escritor<\/strong>, <em>en homenaje a la escritora mendocina Liliana Bodoc.<\/em><\/p>\n<p>Durante el encuentro, se realiz\u00f3 una mateada filos\u00f3fica abierta al p\u00fablico, buscando generar un espacio de reflexi\u00f3n sobre la palabra, la creaci\u00f3n literaria y el v\u00ednculo entre la filosof\u00eda y la escritura.<\/p>\n<p><strong><em>\u201cEl objetivo es homenajear a quienes nos brindan las letras, y qu\u00e9 mejor que hacerlo recordando a una figura tan valiosa como Liliana Bodoc\u201d<\/em><\/strong>, indic\u00f3 <span style=\"color: #003366;\"><strong>Gabriela Chiapa<\/strong><\/span>, <em>desde la Direcci\u00f3n de Cultura.<\/em><\/p>\n<p><a href=\"https:\/\/vinasfm.com\/noticias\/wp-content\/uploads\/2025\/06\/IMG-20250617-WA0010.jpg\"><img loading=\"lazy\" decoding=\"async\" class=\"alignnone wp-image-149695\" src=\"https:\/\/vinasfm.com\/noticias\/wp-content\/uploads\/2025\/06\/IMG-20250617-WA0010-1024x682.jpg\" alt=\"\" width=\"360\" height=\"240\" srcset=\"https:\/\/vinasfm.com\/noticias\/wp-content\/uploads\/2025\/06\/IMG-20250617-WA0010-1024x682.jpg 1024w, https:\/\/vinasfm.com\/noticias\/wp-content\/uploads\/2025\/06\/IMG-20250617-WA0010-300x200.jpg 300w, https:\/\/vinasfm.com\/noticias\/wp-content\/uploads\/2025\/06\/IMG-20250617-WA0010-768x512.jpg 768w, https:\/\/vinasfm.com\/noticias\/wp-content\/uploads\/2025\/06\/IMG-20250617-WA0010-1536x1023.jpg 1536w, https:\/\/vinasfm.com\/noticias\/wp-content\/uploads\/2025\/06\/IMG-20250617-WA0010.jpg 1600w\" sizes=\"auto, (max-width: 360px) 100vw, 360px\" \/><\/a> <a href=\"https:\/\/vinasfm.com\/noticias\/wp-content\/uploads\/2025\/06\/IMG-20250617-WA0009.jpg\"><img loading=\"lazy\" decoding=\"async\" class=\"alignnone wp-image-149696\" src=\"https:\/\/vinasfm.com\/noticias\/wp-content\/uploads\/2025\/06\/IMG-20250617-WA0009-1024x682.jpg\" alt=\"\" width=\"360\" height=\"240\" srcset=\"https:\/\/vinasfm.com\/noticias\/wp-content\/uploads\/2025\/06\/IMG-20250617-WA0009-1024x682.jpg 1024w, https:\/\/vinasfm.com\/noticias\/wp-content\/uploads\/2025\/06\/IMG-20250617-WA0009-300x200.jpg 300w, https:\/\/vinasfm.com\/noticias\/wp-content\/uploads\/2025\/06\/IMG-20250617-WA0009-768x512.jpg 768w, https:\/\/vinasfm.com\/noticias\/wp-content\/uploads\/2025\/06\/IMG-20250617-WA0009-1536x1023.jpg 1536w, https:\/\/vinasfm.com\/noticias\/wp-content\/uploads\/2025\/06\/IMG-20250617-WA0009.jpg 1600w\" sizes=\"auto, (max-width: 360px) 100vw, 360px\" \/><\/a><\/p>\n<p>La programaci\u00f3n continuar\u00e1 el mi\u00e9rcoles 18 de junio con un caf\u00e9 literario en la <strong>Biblioteca Escritores Alvearenses<\/strong>,<em> coordinado por el taller literario La Hoja.<\/em><\/p>\n<p>Como cierre del mes, el viernes 27 de junio, se presentar\u00e1 el libro <em>\u201cEn Tortuga y Patineta\u201d<\/em> de <span style=\"color: #003366;\"><strong>Julieta Gil<\/strong><\/span>, en Casa Salonia, ser\u00e1 una actividad abierta a toda la comunidad.<\/p>\n<p>Estas actividades buscan revalorizar el trabajo de los escritores, generando espacios de encuentro en torno a la literatura.<\/p>\n","protected":false},"excerpt":{"rendered":"<p>En el marco del D\u00eda del Escritor, se llevan a cabo una serie de propuestas culturales que se desarrollan durante todo &#8230;<\/p>\n","protected":false},"author":7,"featured_media":149697,"comment_status":"open","ping_status":"open","sticky":false,"template":"","format":"standard","meta":{"footnotes":""},"categories":[19,11],"tags":[],"class_list":["post-149694","post","type-post","status-publish","format-standard","has-post-thumbnail","hentry","category-cultura","category-sociales"],"_links":{"self":[{"href":"https:\/\/vinasfm.com\/noticias\/wp-json\/wp\/v2\/posts\/149694","targetHints":{"allow":["GET"]}}],"collection":[{"href":"https:\/\/vinasfm.com\/noticias\/wp-json\/wp\/v2\/posts"}],"about":[{"href":"https:\/\/vinasfm.com\/noticias\/wp-json\/wp\/v2\/types\/post"}],"author":[{"embeddable":true,"href":"https:\/\/vinasfm.com\/noticias\/wp-json\/wp\/v2\/users\/7"}],"replies":[{"embeddable":true,"href":"https:\/\/vinasfm.com\/noticias\/wp-json\/wp\/v2\/comments?post=149694"}],"version-history":[{"count":2,"href":"https:\/\/vinasfm.com\/noticias\/wp-json\/wp\/v2\/posts\/149694\/revisions"}],"predecessor-version":[{"id":149699,"href":"https:\/\/vinasfm.com\/noticias\/wp-json\/wp\/v2\/posts\/149694\/revisions\/149699"}],"wp:featuredmedia":[{"embeddable":true,"href":"https:\/\/vinasfm.com\/noticias\/wp-json\/wp\/v2\/media\/149697"}],"wp:attachment":[{"href":"https:\/\/vinasfm.com\/noticias\/wp-json\/wp\/v2\/media?parent=149694"}],"wp:term":[{"taxonomy":"category","embeddable":true,"href":"https:\/\/vinasfm.com\/noticias\/wp-json\/wp\/v2\/categories?post=149694"},{"taxonomy":"post_tag","embeddable":true,"href":"https:\/\/vinasfm.com\/noticias\/wp-json\/wp\/v2\/tags?post=149694"}],"curies":[{"name":"wp","href":"https:\/\/api.w.org\/{rel}","templated":true}]}}