{"id":149690,"date":"2025-06-17T08:46:10","date_gmt":"2025-06-17T11:46:10","guid":{"rendered":"https:\/\/vinasfm.com\/noticias\/?p=149690"},"modified":"2025-06-18T10:27:10","modified_gmt":"2025-06-18T13:27:10","slug":"referentes-latinoamericanos-se-congregan-en-alvear-en-el-2-encuentro-internacional-apicola","status":"publish","type":"post","link":"https:\/\/vinasfm.com\/noticias\/referentes-latinoamericanos-se-congregan-en-alvear-en-el-2-encuentro-internacional-apicola\/","title":{"rendered":"REFERENTES LATINOAMERICANOS SE CONGREGAN EN ALVEAR EN EL 2\u00b0 ENCUENTRO INTERNACIONAL AP\u00cdCOLA"},"content":{"rendered":"<h4><span style=\"color: #003300;\"><strong>General Alvear se convertir\u00e1 en el epicentro de la apicultura sudamericana los d\u00edas 20 y 21 de junio, con la realizaci\u00f3n del Segundo Encuentro Internacional Ap\u00edcola.<\/strong><\/span><\/h4>\n<p>Ampliar los horizontes del conocimiento con la incorporaci\u00f3n de nuevas t\u00e9cnicas que permitan hacer m\u00e1s eficiente la labor ap\u00edcola, mejorar y aumentar la producci\u00f3n de miel, es parte de los objetivos del evento que organiza la <em>Espec\u00edfica de Apicultura de la C\u00e1mara de Comercio alvearense.<\/em><\/p>\n<p>El evento se llevar\u00e1 a cabo en el predio ferial, en ruta nacional 188 y calle 7, de General Alvear y es con entrada libre y gratuita.<\/p>\n<p><em><strong>\u201cEstamos en marcha con el Segundo Encuentro Internacional Ap\u00edcola en el sur mendocino, vamos a contar con expositores de diferentes partes del pa\u00eds y de Latinoam\u00e9rica y esperamos la presencia de productores e interesados en la apicultura de todo Mendoza como as\u00ed tambi\u00e9n de otras provincias\u201d<\/strong><\/em>, coment\u00f3 <span style=\"color: #003366;\"><strong>Marcos Amor\u00f3s<\/strong><\/span>, presidente de la espec\u00edfica ap\u00edcola y uno de los impulsores del evento.<\/p>\n<p>La iniciativa reunir\u00e1 a expertos de <strong>Argentina, Chile, Colombia y Uruguay<\/strong>. Entre los disertantes destacados se encuentran <span style=\"color: #003366;\"><strong>Vicente Toledo<\/strong><\/span> <em>(caba\u00f1ero ap\u00edcola en San Antonio, Chile)<\/em>, <span style=\"color: #003366;\"><strong>Janco Molina y Walter Tom\u00e1s<\/strong><\/span> <em>(Uruguay)<\/em>, y <span style=\"color: #003366;\"><strong>C\u00e9sar Palacio Santos<\/strong><\/span><em> (Colombia)<\/em>. Tambi\u00e9n estar\u00e1n presentes <strong><span style=\"color: #003366;\">Daniel Avena y Anselmo Martz<\/span><\/strong>, <em>destacados criadores de reinas de Argentina<\/em>,<em> como as\u00ed tambi\u00e9n<\/em> <span style=\"color: #003366;\"><strong>Mauricio Rabinovich<\/strong><\/span>, <em>responsable del Programa Nacional de Sanidad Ap\u00edcola, del Senasa.<\/em><\/p>\n<p><img decoding=\"async\" class=\"aligncenter\" src=\"https:\/\/camaradealvear.org.ar\/wp-content\/uploads\/2025\/06\/apicultura-1.jpg\" \/><\/p>\n<p>Con una tem\u00e1tica variada, el encuentro abordar\u00e1 las necesidades actuales del sector y brindar\u00e1 herramientas pr\u00e1cticas y t\u00e9cnicas para mejorar la producci\u00f3n ap\u00edcola. \u00bb<strong><em>El objetivo del evento es brindar nueva informaci\u00f3n que ayude a que los apicultores produzcan mayor cantidad de miel. Para eso hay diferentes t\u00e9cnicas, como por ejemplo el doble reina, que es un sistema que genera mayor cantidad de miel por colmena\u00bb<\/em><\/strong>, indic\u00f3 Amor\u00f3s.<\/p>\n<p>El evento organizado por la espec\u00edfica ap\u00edcola de la C\u00e1mara alvearense cuenta con el acompa\u00f1amiento de la Municipalidad de General Alvear, el INTA Rama Ca\u00edda, la Direcci\u00f3n Provincial de Ganader\u00eda del Ministerio de Producci\u00f3n de Mendoza y la Fundaci\u00f3n ProMendoza.<\/p>\n<p>Amor\u00f3s, record\u00f3 que <em><strong>\u00bbfueron muchos los a\u00f1os en que los apicultores no tuvimos capacitaci\u00f3n\u00bb<\/strong><\/em> por lo que valor\u00f3 que el Encuentro se convierta y consolide como un espacio de capacitaci\u00f3n y debate y que ello contribuya al crecimiento de todo el sector.<\/p>\n<p>Entre los aspectos centrales de las charlas que est\u00e1n previstas para l viernes y s\u00e1bado pr\u00f3ximo <em><strong>\u00bbapuntamos a incorporar entre los apicultores, para que se convierta en algo normal y habitual, lo que es el recambio de reinas. Tenemos que hacer la apicultura m\u00e1s eficiente y para lograrlo uno de los aspectos fundamentales a tener presente es precisamente el recambio de reinas. Eso conlleva mayor cantidad de abejas, lo que se traduce en mayor cantidad de producci\u00f3n y adem\u00e1s ayuda a tener menos enfermedades en la colmena\u00bb<\/strong><\/em>, afirm\u00f3 el productor ap\u00edcola.<\/p>\n<h2 class=\"has-medium-font-size\"><strong>Miel, vinos, m\u00fasica y comidas t\u00edpicas<\/strong><\/h2>\n<p>No todo ser\u00e1 charla y debate en el Segundo Encuentro Internacional Ap\u00edcola, tambi\u00e9n est\u00e1 previsto un tiempo para distenderse, hacer visitas guidadas, degustar los mejores vinos de la regi\u00f3n y disfrutar de buena m\u00fasica acompa\u00f1ada por comidas t\u00edpicas.<\/p>\n<p>El viernes 20<em><strong> \u00bbvamos a tener una visita guiada a la Bodega Fara\u00f3n con degustaci\u00f3n de vinos\u00bb<\/strong><\/em> y para el s\u00e1bado 21, justo el D\u00eda de los apicultores <strong><em>\u00bbvamos a tener la primera Pe\u00f1a del Apicultor\u00bb<\/em><\/strong>. El espect\u00e1culo se realizar\u00e1 en el sal\u00f3n Fern\u00e1ndez del predio ferial y <strong><em>\u00bbest\u00e1 dirigido a todo p\u00fablico, no solo los participantes del evento\u00bb<\/em><\/strong>, explic\u00f3 Amor\u00f3s.<\/p>\n<p class=\"has-medium-font-size\"><strong>Cronograma<\/strong><\/p>\n<p>El programa del Encuentro prev\u00e9 varias conferencias t\u00e9cnicas y una mesa redonda al cierre de la segunda jornada y tambi\u00e9n la presencia de proveedores del sector.<\/p>\n<p><strong>El viernes 20<\/strong>, luego del acto inaugural previsto para las nueve de la ma\u00f1ana, Anselmo Martz, de Argentina, expondr\u00e1 sobre \u201cDoble reina\u201d y a partir de las 11, el colombiano C\u00e9sar Palacio Santo cerrar\u00e1 la actividad de la ma\u00f1ana con una charla sobre el \u201cSistema Palmer\u2013Versi\u00f3n San Andr\u00e9s\u201d.<\/p>\n<ul>\n<li>La actividad se retomar\u00e1 a las 14:30 con Juanco Molina y Walter Tom\u00e1s que compartir\u00e1n sus \u201cExperiencia como apicultores uruguayos\u201d y dar\u00e1n detalles sobre el \u201cManejo e introducci\u00f3n de celdas reales\u201d.<\/li>\n<li>Los referentes uruguayos continuar\u00e1n a las 16:00 con otro tema que tambi\u00e9n ser\u00e1 de particular inter\u00e9s para los asistentes: \u201cProducci\u00f3n de reinas v\u00edrgenes\u201d .<\/li>\n<\/ul>\n<p><strong>El s\u00e1bado 21\u00a0<\/strong>en tanto la jornada comenzar\u00e1 a las 9 con Daniel Avena, de Argentina, disertando sobre el \u201cBeneficio del recambio de reinas\u201d.<\/p>\n<ul>\n<li>A las 10:45 Avena se focalizar\u00e1 en el tema \u201cN\u00facleos de fin de temporada\u201d.<\/li>\n<li>A las 11:45 el responsable del Programa Nacional de Sanidad Ap\u00edcola del Senasa, Mauricio Rabinovich, abordar\u00e1 la problem\u00e1tica del \u201cOrdenamiento territorial\u201d.<\/li>\n<li>Siguiendo el s\u00e1bado por la tarde (14:30) el caba\u00f1ero chileno Vincente Toledo hablar\u00e1 sobre \u201cNutrici\u00f3n Ap\u00edcola\u201d y posteriormente se centrar\u00e1 en el \u201cManejo de espacio en la colmena\u201d.<\/li>\n<li>Para el cierre del encuentro est\u00e1 previsto que los especialistas de Argentina, Chile, Colombia y Uruguay se sienten a una misma mesa e intercambien opiniones y experiencias en cuanto al \u201cM\u00e9todos de introducci\u00f3n de reinas\u201d.<\/li>\n<\/ul>\n","protected":false},"excerpt":{"rendered":"<p>General Alvear se convertir\u00e1 en el epicentro de la apicultura sudamericana los d\u00edas 20 y 21 de junio, con la realizaci\u00f3n &#8230;<\/p>\n","protected":false},"author":7,"featured_media":149692,"comment_status":"open","ping_status":"open","sticky":false,"template":"","format":"standard","meta":{"footnotes":""},"categories":[170,32],"tags":[],"class_list":["post-149690","post","type-post","status-publish","format-standard","has-post-thumbnail","hentry","category-apicultura","category-camara-de-comercio"],"_links":{"self":[{"href":"https:\/\/vinasfm.com\/noticias\/wp-json\/wp\/v2\/posts\/149690","targetHints":{"allow":["GET"]}}],"collection":[{"href":"https:\/\/vinasfm.com\/noticias\/wp-json\/wp\/v2\/posts"}],"about":[{"href":"https:\/\/vinasfm.com\/noticias\/wp-json\/wp\/v2\/types\/post"}],"author":[{"embeddable":true,"href":"https:\/\/vinasfm.com\/noticias\/wp-json\/wp\/v2\/users\/7"}],"replies":[{"embeddable":true,"href":"https:\/\/vinasfm.com\/noticias\/wp-json\/wp\/v2\/comments?post=149690"}],"version-history":[{"count":2,"href":"https:\/\/vinasfm.com\/noticias\/wp-json\/wp\/v2\/posts\/149690\/revisions"}],"predecessor-version":[{"id":149693,"href":"https:\/\/vinasfm.com\/noticias\/wp-json\/wp\/v2\/posts\/149690\/revisions\/149693"}],"wp:featuredmedia":[{"embeddable":true,"href":"https:\/\/vinasfm.com\/noticias\/wp-json\/wp\/v2\/media\/149692"}],"wp:attachment":[{"href":"https:\/\/vinasfm.com\/noticias\/wp-json\/wp\/v2\/media?parent=149690"}],"wp:term":[{"taxonomy":"category","embeddable":true,"href":"https:\/\/vinasfm.com\/noticias\/wp-json\/wp\/v2\/categories?post=149690"},{"taxonomy":"post_tag","embeddable":true,"href":"https:\/\/vinasfm.com\/noticias\/wp-json\/wp\/v2\/tags?post=149690"}],"curies":[{"name":"wp","href":"https:\/\/api.w.org\/{rel}","templated":true}]}}