{"id":149664,"date":"2025-06-16T10:32:38","date_gmt":"2025-06-16T13:32:38","guid":{"rendered":"https:\/\/vinasfm.com\/noticias\/?p=149664"},"modified":"2025-06-17T10:27:46","modified_gmt":"2025-06-17T13:27:46","slug":"fatal-accidente-en-ruta-nacional-143-un-hombre-perdio-la-vida","status":"publish","type":"post","link":"https:\/\/vinasfm.com\/noticias\/fatal-accidente-en-ruta-nacional-143-un-hombre-perdio-la-vida\/","title":{"rendered":"FATAL ACCIDENTE EN RUTA NACIONAL 143: UN HOMBRE PERDI\u00d3 LA VIDA"},"content":{"rendered":"<h4 data-start=\"68\" data-end=\"268\"><strong><span style=\"color: #003300;\">Este lunes por la ma\u00f1ana, alrededor de las 08:30 hs, se produjo un accidente fatal en la intersecci\u00f3n Los Campamentos y Ruta Nacional 143, <\/span><\/strong><span style=\"color: #003300;\">en la zona de Colonia L\u00f3pez, departamento de San Rafael.<\/span><\/h4>\n<p data-start=\"274\" data-end=\"711\">Seg\u00fan informaron fuentes policiales, un cami\u00f3n <strong>Mercedes Benz modelo Axor que transitaba por la Ruta 143 en direcci\u00f3n de oeste a este, colision\u00f3 violentamente contra una camioneta Ford F-100 que circulaba por calle Los Campamentos de norte a sur.<\/strong> El siniestro se produjo cuando el<strong> conductor de la Ford intent\u00f3 girar hacia el este para incorporarse a la ruta nacional, momento en el cual se produjo el impacto con el rodado de mayor porte.<\/strong><\/p>\n<p data-start=\"713\" data-end=\"1004\">Como consecuencia del fuerte choque, <strong>el conductor de la Ford F-100, identificado como Omar Correa Troncoso, de 44 a\u00f1os, falleci\u00f3 en el lugar. En tanto, el chofer del cami\u00f3n, un hombre de 46 a\u00f1os, result\u00f3 ileso y se le realiz\u00f3 el test de alcoholemia, que arroj\u00f3 resultado negativo (0,00 g\/L).<\/strong><\/p>\n<p data-start=\"1006\" data-end=\"1231\" data-is-last-node=\"\" data-is-only-node=\"\">Intervino personal policial, bomberos y el servicio de emergencias m\u00e9dicas.<strong> La causa qued\u00f3 a cargo de la fiscal\u00eda de San Rafael<\/strong>, que ya inici\u00f3 las investigaciones correspondientes para determinar las circunstancias del hecho.<\/p>\n","protected":false},"excerpt":{"rendered":"<p>Este lunes por la ma\u00f1ana, alrededor de las 08:30 hs, se produjo un accidente fatal en la intersecci\u00f3n Los Campamentos y &#8230;<\/p>\n","protected":false},"author":7,"featured_media":149677,"comment_status":"open","ping_status":"open","sticky":false,"template":"","format":"standard","meta":{"footnotes":""},"categories":[4,184],"tags":[],"class_list":["post-149664","post","type-post","status-publish","format-standard","has-post-thumbnail","hentry","category-policiales","category-siniestro-vial"],"_links":{"self":[{"href":"https:\/\/vinasfm.com\/noticias\/wp-json\/wp\/v2\/posts\/149664","targetHints":{"allow":["GET"]}}],"collection":[{"href":"https:\/\/vinasfm.com\/noticias\/wp-json\/wp\/v2\/posts"}],"about":[{"href":"https:\/\/vinasfm.com\/noticias\/wp-json\/wp\/v2\/types\/post"}],"author":[{"embeddable":true,"href":"https:\/\/vinasfm.com\/noticias\/wp-json\/wp\/v2\/users\/7"}],"replies":[{"embeddable":true,"href":"https:\/\/vinasfm.com\/noticias\/wp-json\/wp\/v2\/comments?post=149664"}],"version-history":[{"count":6,"href":"https:\/\/vinasfm.com\/noticias\/wp-json\/wp\/v2\/posts\/149664\/revisions"}],"predecessor-version":[{"id":149683,"href":"https:\/\/vinasfm.com\/noticias\/wp-json\/wp\/v2\/posts\/149664\/revisions\/149683"}],"wp:featuredmedia":[{"embeddable":true,"href":"https:\/\/vinasfm.com\/noticias\/wp-json\/wp\/v2\/media\/149677"}],"wp:attachment":[{"href":"https:\/\/vinasfm.com\/noticias\/wp-json\/wp\/v2\/media?parent=149664"}],"wp:term":[{"taxonomy":"category","embeddable":true,"href":"https:\/\/vinasfm.com\/noticias\/wp-json\/wp\/v2\/categories?post=149664"},{"taxonomy":"post_tag","embeddable":true,"href":"https:\/\/vinasfm.com\/noticias\/wp-json\/wp\/v2\/tags?post=149664"}],"curies":[{"name":"wp","href":"https:\/\/api.w.org\/{rel}","templated":true}]}}