{"id":149654,"date":"2025-06-15T10:11:27","date_gmt":"2025-06-15T13:11:27","guid":{"rendered":"https:\/\/vinasfm.com\/noticias\/?p=149654"},"modified":"2025-06-17T08:58:41","modified_gmt":"2025-06-17T11:58:41","slug":"continuan-los-operativos-de-seguridad-vial-en-general-alvear","status":"publish","type":"post","link":"https:\/\/vinasfm.com\/noticias\/continuan-los-operativos-de-seguridad-vial-en-general-alvear\/","title":{"rendered":"CONTIN\u00daAN LOS OPERATIVOS DE SEGURIDAD VIAL EN GENERAL ALVEAR"},"content":{"rendered":"<h4 data-start=\"124\" data-end=\"349\"><strong><span style=\"color: #003300;\">Durante el fin de semana se llevaron a cabo diversos operativos de control vehicular en General Alvear, como parte de una estrategia preventiva impulsada por el municipio para reforzar la seguridad vial y prevenir accidentes.<\/span><\/strong><\/h4>\n<p data-start=\"1154\" data-end=\"1386\" data-is-last-node=\"\" data-is-only-node=\"\">Los operativos fueron llevados a cabo de manera conjunta por el <strong>Cuerpo de Preventores de la Municipalidad<\/strong>, efectivos de la <strong>Polic\u00eda de Mendoza<\/strong> y cursantes del <strong>Instituto Universitario de Seguridad P\u00fablica<\/strong> <em>(IUSP)<\/em>, como parte de las acciones preventivas de rutina.<\/p>\n<p data-start=\"1154\" data-end=\"1386\" data-is-last-node=\"\" data-is-only-node=\"\">Durante la noche del viernes 13 y la madrugada del s\u00e1bado 14 de junio se realizaron siete controles de alcoholemia en distintos puntos de General Alvear. <strong>De los test efectuados, seis dieron resultado negativo y uno arroj\u00f3 un valor positivo de 0,90 gramos por litro de alcohol en sangre.<\/strong><\/p>\n<p data-start=\"1154\" data-end=\"1386\" data-is-last-node=\"\" data-is-only-node=\"\">En tanto, entre la noche del s\u00e1bado y la mardugada del domingo, se controlaron 32 autom\u00f3viles, 7 motocicletas y 1 taxi o remise.<strong> Adem\u00e1s, se realizaron 19 controles de alcoholemia, de los cuales 3 arrojaron resultado positivo. Tambi\u00e9n se registraron 2 personas aprehendidas.<\/strong><\/p>\n<p data-start=\"1154\" data-end=\"1386\" data-is-last-node=\"\" data-is-only-node=\"\">Los controles continuar\u00e1n en distintos puntos del departamento, con el objetivo de prevenir accidentes y reforzar la seguridad vial en General Alvear.<\/p>\n","protected":false},"excerpt":{"rendered":"<p>Durante el fin de semana se llevaron a cabo diversos operativos de control vehicular en General Alvear, como parte de una &#8230;<\/p>\n","protected":false},"author":7,"featured_media":149656,"comment_status":"open","ping_status":"open","sticky":false,"template":"","format":"standard","meta":{"footnotes":""},"categories":[78,56],"tags":[],"class_list":["post-149654","post","type-post","status-publish","format-standard","has-post-thumbnail","hentry","category-municipalidad","category-seguridad-vial"],"_links":{"self":[{"href":"https:\/\/vinasfm.com\/noticias\/wp-json\/wp\/v2\/posts\/149654","targetHints":{"allow":["GET"]}}],"collection":[{"href":"https:\/\/vinasfm.com\/noticias\/wp-json\/wp\/v2\/posts"}],"about":[{"href":"https:\/\/vinasfm.com\/noticias\/wp-json\/wp\/v2\/types\/post"}],"author":[{"embeddable":true,"href":"https:\/\/vinasfm.com\/noticias\/wp-json\/wp\/v2\/users\/7"}],"replies":[{"embeddable":true,"href":"https:\/\/vinasfm.com\/noticias\/wp-json\/wp\/v2\/comments?post=149654"}],"version-history":[{"count":4,"href":"https:\/\/vinasfm.com\/noticias\/wp-json\/wp\/v2\/posts\/149654\/revisions"}],"predecessor-version":[{"id":149659,"href":"https:\/\/vinasfm.com\/noticias\/wp-json\/wp\/v2\/posts\/149654\/revisions\/149659"}],"wp:featuredmedia":[{"embeddable":true,"href":"https:\/\/vinasfm.com\/noticias\/wp-json\/wp\/v2\/media\/149656"}],"wp:attachment":[{"href":"https:\/\/vinasfm.com\/noticias\/wp-json\/wp\/v2\/media?parent=149654"}],"wp:term":[{"taxonomy":"category","embeddable":true,"href":"https:\/\/vinasfm.com\/noticias\/wp-json\/wp\/v2\/categories?post=149654"},{"taxonomy":"post_tag","embeddable":true,"href":"https:\/\/vinasfm.com\/noticias\/wp-json\/wp\/v2\/tags?post=149654"}],"curies":[{"name":"wp","href":"https:\/\/api.w.org\/{rel}","templated":true}]}}