{"id":149647,"date":"2025-06-16T09:08:36","date_gmt":"2025-06-16T12:08:36","guid":{"rendered":"https:\/\/vinasfm.com\/noticias\/?p=149647"},"modified":"2025-06-17T10:33:05","modified_gmt":"2025-06-17T13:33:05","slug":"alejandro-veron-de-libres-del-sur-hay-una-estabilidad-economica-que-se-paga-con-mas-pobreza-y-exclusion","status":"publish","type":"post","link":"https:\/\/vinasfm.com\/noticias\/alejandro-veron-de-libres-del-sur-hay-una-estabilidad-economica-que-se-paga-con-mas-pobreza-y-exclusion\/","title":{"rendered":"ALEJANDRO VER\u00d3N, DE LIBRES DEL SUR: \u201cHAY UNA ESTABILIDAD ECON\u00d3MICA QUE SE PAGA CON M\u00c1S POBREZA Y EXCLUSI\u00d3N\u201d"},"content":{"rendered":"<div class=\"flex max-w-full flex-col grow\">\n<div class=\"min-h-8 text-message relative flex w-full flex-col items-end gap-2 text-start break-words whitespace-normal [.text-message+&amp;]:mt-5\" dir=\"auto\" data-message-author-role=\"assistant\" data-message-id=\"8b20b356-e6bd-450b-aa60-421b63bcf5c4\" data-message-model-slug=\"gpt-4o\">\n<div class=\"flex w-full flex-col gap-1 empty:hidden first:pt-[3px]\">\n<div class=\"markdown prose dark:prose-invert w-full break-words light\">\n<h4 data-start=\"113\" data-end=\"415\"><span style=\"color: #003300;\"><strong>En di\u00e1logo con FM VI\u00d1AS durante su visita a General Alvear, el referente provincial de Libres del Sur, Alejandro Ver\u00f3n, analiz\u00f3 la situaci\u00f3n pol\u00edtica y social del pa\u00eds y la provincia, y habl\u00f3 sobre el crecimiento del espacio pol\u00edtico que representa, al que defini\u00f3 como \u00abla voz de los m\u00e1s postergados\u00bb.<\/strong><\/span><\/h4>\n<p data-start=\"417\" data-end=\"820\">Ver\u00f3n lleg\u00f3 al departamento durante el fin de semana largo, y combin\u00f3 descanso con una agenda de reuniones pol\u00edticas, recorridas por merenderos y encuentros con dirigentes locales.<em><strong> \u201cAlvear es un lugar que quiero mucho, que conozco mucho. Estamos viendo c\u00f3mo viene la construcci\u00f3n de Libres del Sur en el departamento, en un escenario nacional y provincial muy din\u00e1mico, pero tambi\u00e9n muy incierto\u201d<\/strong><\/em>, dijo.<\/p>\n<p data-start=\"822\" data-end=\"1144\">Consultado por la indefinici\u00f3n del calendario electoral y posibles alianzas, Ver\u00f3n asegur\u00f3 que lo que incomoda no es <strong><em>\u201cel barro de la pol\u00edtica\u201d<\/em><\/strong>, sino la falta de reglas claras: <em><strong>\u201cNo se sabe a\u00fan si las elecciones ser\u00e1n unificadas o desdobladas, y eso hace dif\u00edcil planificar. Todo es m\u00e1s previsible cuando hay reglas claras\u201d.<\/strong><\/em><\/p>\n<p data-start=\"1146\" data-end=\"1617\">Respecto a la situaci\u00f3n econ\u00f3mica y social, <span style=\"color: #003366;\"><strong>Ver\u00f3n<\/strong><\/span> fue contundente:<strong><em> \u201cHay una estabilidad en los n\u00fameros de la inflaci\u00f3n, pero que se paga con recortes, ajuste, ca\u00edda del consumo y m\u00e1s pobreza\u201d<\/em><\/strong>. Y advirti\u00f3 que el fen\u00f3meno de los<strong><em> \u201ctrabajadores pobres\u201d<\/em><\/strong> se ha profundizado:<strong><em> \u201cAhora vemos gente que tiene uno o dos trabajos, o un empleo m\u00e1s changas, y a\u00fan as\u00ed no llega a fin de mes. Se recortan gastos b\u00e1sicos, como comprarle un par de zapatillas al hijo. No hablamos de lujos\u201d.<\/em><\/strong><\/p>\n<p data-start=\"1619\" data-end=\"1954\">El dirigente remarc\u00f3 el impacto que tiene el ajuste del Gobierno nacional sobre los sectores m\u00e1s vulnerables:<strong><em> \u201cSe ha achicado el presupuesto en salud, educaci\u00f3n, obra p\u00fablica. Eso significa casas que no se construyen, rutas abandonadas, gente que cae del sistema de salud privada al p\u00fablico. La calidad de vida ha bajado notablemente\u201d.<\/em><\/strong><\/p>\n<p data-start=\"1956\" data-end=\"2265\">Adem\u00e1s, critic\u00f3 el discurso del presidente <span style=\"color: #003366;\"><strong>Javier Milei<\/strong> <\/span>sobre la destrucci\u00f3n del Estado: <strong><em>\u201cEsa destrucci\u00f3n tiene costos. Hay enfermos oncol\u00f3gicos que no est\u00e1n recibiendo medicamentos, hay jubilados que no llegan a fin de mes y el presidente amenaza con vetar un posible aumento. No es gratis esta estabilidad\u201d.<\/em><\/strong><\/p>\n<p data-start=\"2267\" data-end=\"2620\">Desde lo pol\u00edtico, Ver\u00f3n confirm\u00f3 que Libres del Sur no acompa\u00f1ar\u00e1 una eventual alianza entre Cambia Mendoza y La Libertad Avanza: <em><strong>\u201cNuestro l\u00edmite es Milei. Lo hemos dicho p\u00fablicamente. Creemos en un proyecto pol\u00edtico para Mendoza que no dependa del color del Gobierno nacional. Si Cambia Mendoza se ti\u00f1e de violeta, pierde el sentido con el que naci\u00f3\u201d.<\/strong><\/em><\/p>\n<p data-start=\"2622\" data-end=\"2969\">Por \u00faltimo, destac\u00f3 el trabajo conjunto con el<em> intendente de Alvear<\/em>, <span style=\"color: #003366;\"><strong>Alejandro Molero<\/strong><\/span>, y reafirm\u00f3 su mirada positiva sobre el departamento: <em><strong>\u201cAlvear tiene much\u00edsimo potencial, pero necesita inversiones y acompa\u00f1amiento tanto del gobierno provincial como del nacional. Siempre es un gusto estar ac\u00e1, en un lugar tan grande, tan lindo y tan diverso\u201d.<\/strong><\/em><\/p>\n<p data-start=\"2971\" data-end=\"3200\" data-is-last-node=\"\" data-is-only-node=\"\">La visita de Ver\u00f3n a General Alvear reafirma la presencia territorial de Libres del Sur en el sur mendocino y deja en claro que el espacio buscar\u00e1 consolidarse como una opci\u00f3n firme en las elecciones legislativas del a\u00f1o pr\u00f3ximo.<\/p>\n<\/div>\n<\/div>\n<\/div>\n<\/div>\n","protected":false},"excerpt":{"rendered":"<p>En di\u00e1logo con FM VI\u00d1AS durante su visita a General Alvear, el referente provincial de Libres del Sur, Alejandro Ver\u00f3n, analiz\u00f3 &#8230;<\/p>\n","protected":false},"author":7,"featured_media":149649,"comment_status":"open","ping_status":"open","sticky":false,"template":"","format":"standard","meta":{"footnotes":""},"categories":[7,11],"tags":[],"class_list":["post-149647","post","type-post","status-publish","format-standard","has-post-thumbnail","hentry","category-politica","category-sociales"],"_links":{"self":[{"href":"https:\/\/vinasfm.com\/noticias\/wp-json\/wp\/v2\/posts\/149647","targetHints":{"allow":["GET"]}}],"collection":[{"href":"https:\/\/vinasfm.com\/noticias\/wp-json\/wp\/v2\/posts"}],"about":[{"href":"https:\/\/vinasfm.com\/noticias\/wp-json\/wp\/v2\/types\/post"}],"author":[{"embeddable":true,"href":"https:\/\/vinasfm.com\/noticias\/wp-json\/wp\/v2\/users\/7"}],"replies":[{"embeddable":true,"href":"https:\/\/vinasfm.com\/noticias\/wp-json\/wp\/v2\/comments?post=149647"}],"version-history":[{"count":2,"href":"https:\/\/vinasfm.com\/noticias\/wp-json\/wp\/v2\/posts\/149647\/revisions"}],"predecessor-version":[{"id":149650,"href":"https:\/\/vinasfm.com\/noticias\/wp-json\/wp\/v2\/posts\/149647\/revisions\/149650"}],"wp:featuredmedia":[{"embeddable":true,"href":"https:\/\/vinasfm.com\/noticias\/wp-json\/wp\/v2\/media\/149649"}],"wp:attachment":[{"href":"https:\/\/vinasfm.com\/noticias\/wp-json\/wp\/v2\/media?parent=149647"}],"wp:term":[{"taxonomy":"category","embeddable":true,"href":"https:\/\/vinasfm.com\/noticias\/wp-json\/wp\/v2\/categories?post=149647"},{"taxonomy":"post_tag","embeddable":true,"href":"https:\/\/vinasfm.com\/noticias\/wp-json\/wp\/v2\/tags?post=149647"}],"curies":[{"name":"wp","href":"https:\/\/api.w.org\/{rel}","templated":true}]}}